{"id":30400,"date":"2021-08-01T15:58:21","date_gmt":"2021-08-01T20:58:21","guid":{"rendered":"http:\/\/www.zonaroja.com.mx\/?p=30400"},"modified":"2021-08-01T15:58:24","modified_gmt":"2021-08-01T20:58:24","slug":"los-fracasos-de-la-segego-mazatlan-tierra-blanca-textitlan-tamazulapam","status":"publish","type":"post","link":"https:\/\/zonaroja.com.mx\/?p=30400","title":{"rendered":"Los fracasos de la Segego: Mazatl\u00e1n, Tierra Blanca, Textitl\u00e1n, Tamazul\u00e1pam\u2026"},"content":{"rendered":"\n<p>Evlin Arag\u00f3n\/Zona Roja.<\/p>\n\n\n\n<p>Oaxaca de Ju\u00e1rez, Oax., 1 de agosto de 2021.- A poco m\u00e1s de ocho meses en el cargo, la gesti\u00f3n del priista Francisco Garc\u00eda L\u00f3pez en la Secretar\u00eda General de Gobierno (Segego) de Oaxaca ha sido de fracasos.<\/p>\n\n\n\n<p>Tan s\u00f3lo en este mes de julio, al menos cuatro conflictos entre poblaciones han puesto en duda la gobernabilidad en el estado y han evidenciado la incapacidad en la dependencia encargada de establecer el di\u00e1logo y las mesas de trabajo para solucionarlos.&nbsp;<\/p>\n\n\n\n<p>El m\u00e1s reciente &#8211;y que hoy cumple siete d\u00edas de bloqueo carretero&#8211;, es el que se vive en San Juan Mazatl\u00e1n Mixe, donde pobladores de las diferentes agencias al interior llevan meses exigiendo la entrega de recursos p\u00fablicos que les corresponde y la destituci\u00f3n del edil Macario Eleuterio Jim\u00e9nez.<\/p>\n\n\n\n<p>Debido a su demanda, que no ha sido atendida, han mantenido un bloqueo en la carretera Federal 185 Trans\u00edstmica, a la altura de la comunidad de Boca del Monte, que impide el paso de Oaxaca a Veracruz, pese a los acuerdos logrados la ma\u00f1ana de este domingo.<\/p>\n\n\n\n<p>As\u00ed mismo, se mantiene retenida la legisladora local del PRI, Yarith Tannos Cruz, quien se dirig\u00eda a la Cuenca del Papaloapan el viernes por la tarde; situaci\u00f3n que ocasion\u00f3 que la Segego emitiera un exhorto, como muchos otros, a la poblaci\u00f3n para que solucionar\u00e1 el conflicto con sus agencias.&nbsp;&nbsp;&nbsp;<\/p>\n\n\n\n<p>TIERRA BLANCA<\/p>\n\n\n\n<p>Previamente, la dependencia responsable de la gobernabilidad en Oaxaca fue literalmente presionada para atender a las familias desplazadas de Tierra Blanca, Copala, luego de una intervenci\u00f3n armada por un grupo paramilitar ubicado en la zona, en diciembre pasado.&nbsp;<\/p>\n\n\n\n<p>Aunque durante meses hab\u00edan pedido atenci\u00f3n por parte de las autoridades, sin \u00e9xito alguno, fue hasta hace unos d\u00edas que integrantes del Movimiento de Unificaci\u00f3n y Lucha Triqui Independiente (MULTI) hace dos semanas bloquearon la carretera federal 190, en el entronque del crucero de Hacienda Blanca, afectando a miles de personas.&nbsp;<\/p>\n\n\n\n<p>Lo anterior dio como resultado algunas mesas de di\u00e1logo y la promesa de un retorno seguro a Tierra Blanca, Copala, el cual a\u00fan no se concreta debido a la intervenci\u00f3n de integrantes Movimiento de Unificaci\u00f3n y Lucha Triqui (MULT), quienes se oponen al ingreso de la poblaci\u00f3n a su lugar de origen, debido a conflictos a\u00f1ejos entre ambas agrupaciones.&nbsp;<\/p>\n\n\n\n<p>TEXTITL\u00c1N-XOCHILTEPEC<\/p>\n\n\n\n<p>La incapacidad de la Segego tambi\u00e9n se ha hecho evidente ante la falta de soluci\u00f3n del conflicto entre Santiago Textitl\u00e1n y Santiago Xochiltepec, el cual dej\u00f3 como saldo dos personas fallecidas, viviendas destruidas y decenas de familias desplazadas tras un ataque armado registrado el 20 de diciembre y del cual ambas localidades se responsabilizan mutuamente.&nbsp;&nbsp;<\/p>\n\n\n\n<p>Apenas el pasado 14 de julio, pobladores de Textitl\u00e1n retuvieron a 20 elementos de la Guardia Nacional, 10 integrantes de la Polic\u00eda Estatal, 14 trabajadores de la Fiscal\u00eda de Oaxaca, dos funcionarios de la Secretar\u00eda General de Gobierno y uno de la Secretar\u00eda de Gobernaci\u00f3n, independientemente de quemar una patrulla para exigir la presencia del gobernador de Oaxaca, Alejandro Murat, a fin de iniciar el di\u00e1logo.<\/p>\n\n\n\n<p>A las autoridades no les qued\u00f3 de otra m\u00e1s que pactar la presencia del mandatario estatal, la cual se concret\u00f3 un d\u00eda despu\u00e9s de liberar al personal retenido y quien se comprometi\u00f3 entre otras cosas a dar atenci\u00f3n a las 200 familias de R\u00edo Santiago atacadas y desplazadas.<\/p>\n\n\n\n<p>Y es que previamente, en mayo pasado, ya se hab\u00eda reportado la quema de dos patrullas y el m\u00f3dulo de la Polic\u00eda Estatal, adem\u00e1s de un ataque armado a elementos de la Secretar\u00eda de Seguridad P\u00fablica de Oaxaca (SSPO), ubicados en la zona.<\/p>\n\n\n\n<p>TAMAZUL\u00c1PAM<\/p>\n\n\n\n<p>Uno de los conflictos que m\u00e1s se ha difundido en los medios locales y nacionales de informaci\u00f3n es el que se mantiene entre las comunidades de Tamazul\u00e1pam del Esp\u00edritu Santo y San Pedro y San Pablo Ayutla, mismo que se agrav\u00f3 en mayo del 2017, dejando como resultado una persona fallecida, mujeres heridas y una comunidad entera sin acceso al agua.&nbsp;<\/p>\n\n\n\n<p>Y es que grupos armados de Tamazul\u00e1pam invadieron terrenos y despojaron del manantial a la poblaci\u00f3n de Ayutla, ello tras un conflicto por tierras que ambas comunidades enfrentan desde hace a\u00f1os y que las autoridades estatales no han podido resolver.&nbsp;<\/p>\n\n\n\n<p>Al respecto, el gobierno de Oaxaca solo ha empeorado las cosas con acciones unilaterales que no toman en cuenta a la poblaci\u00f3n y, adem\u00e1s, se oponen a cumplir las resoluciones derivadas de acciones judiciales que habitantes de Ayutla han interpuesto debido a la violaci\u00f3n de su derecho al agua.&nbsp;<\/p>\n\n\n\n<p>Apenas la semana pasada tambi\u00e9n, pobladores de San Juan Juquila Mixe bloquearon los trabajos de la supercarretera Oaxaca-Istmo, a la altura de la localidad de Santo Domingo Narro, debido al incumplimiento de la Segego por solucionar el retorno de desplazados de la agencia Guadalupe Victoria.<\/p>\n","protected":false},"excerpt":{"rendered":"<p>Evlin Arag\u00f3n\/Zona Roja. Oaxaca de Ju\u00e1rez, Oax., 1 de agosto de 2021.- A poco m\u00e1s&hellip;<\/p>\n","protected":false},"author":2,"featured_media":30401,"comment_status":"closed","ping_status":"open","sticky":false,"template":"","format":"standard","meta":{"_lmt_disableupdate":"","_lmt_disable":"","_jetpack_memberships_contains_paid_content":false,"footnotes":""},"categories":[109,47],"tags":[2122],"class_list":["post-30400","post","type-post","status-publish","format-standard","has-post-thumbnail","hentry","category-minuto-a-minuto","category-zona-gris","tag-francisco-garcia-lopez"],"jetpack_featured_media_url":"https:\/\/zonaroja.com.mx\/wp-content\/uploads\/2021\/08\/Bloqueo-San-Juan-Mazatlan-Mixe.jpg","jetpack_sharing_enabled":true,"_links":{"self":[{"href":"https:\/\/zonaroja.com.mx\/index.php?rest_route=\/wp\/v2\/posts\/30400","targetHints":{"allow":["GET"]}}],"collection":[{"href":"https:\/\/zonaroja.com.mx\/index.php?rest_route=\/wp\/v2\/posts"}],"about":[{"href":"https:\/\/zonaroja.com.mx\/index.php?rest_route=\/wp\/v2\/types\/post"}],"author":[{"embeddable":true,"href":"https:\/\/zonaroja.com.mx\/index.php?rest_route=\/wp\/v2\/users\/2"}],"replies":[{"embeddable":true,"href":"https:\/\/zonaroja.com.mx\/index.php?rest_route=%2Fwp%2Fv2%2Fcomments&post=30400"}],"version-history":[{"count":1,"href":"https:\/\/zonaroja.com.mx\/index.php?rest_route=\/wp\/v2\/posts\/30400\/revisions"}],"predecessor-version":[{"id":30402,"href":"https:\/\/zonaroja.com.mx\/index.php?rest_route=\/wp\/v2\/posts\/30400\/revisions\/30402"}],"wp:featuredmedia":[{"embeddable":true,"href":"https:\/\/zonaroja.com.mx\/index.php?rest_route=\/wp\/v2\/media\/30401"}],"wp:attachment":[{"href":"https:\/\/zonaroja.com.mx\/index.php?rest_route=%2Fwp%2Fv2%2Fmedia&parent=30400"}],"wp:term":[{"taxonomy":"category","embeddable":true,"href":"https:\/\/zonaroja.com.mx\/index.php?rest_route=%2Fwp%2Fv2%2Fcategories&post=30400"},{"taxonomy":"post_tag","embeddable":true,"href":"https:\/\/zonaroja.com.mx\/index.php?rest_route=%2Fwp%2Fv2%2Ftags&post=30400"}],"curies":[{"name":"wp","href":"https:\/\/api.w.org\/{rel}","templated":true}]}}