{"id":30406,"date":"2021-08-01T18:11:59","date_gmt":"2021-08-01T23:11:59","guid":{"rendered":"http:\/\/www.zonaroja.com.mx\/?p=30406"},"modified":"2021-08-01T18:13:30","modified_gmt":"2021-08-01T23:13:30","slug":"domingo-rojo-nino-asesinado-en-la-canada-suicidio-de-menor-y-un-muerto-por-accidente","status":"publish","type":"post","link":"https:\/\/zonaroja.com.mx\/?p=30406","title":{"rendered":"Domingo rojo: ni\u00f1o asesinado en la Ca\u00f1ada; suicidio de menor y un muerto por accidente"},"content":{"rendered":"\n<p>Redacci\u00f3n\/Zona Roja.<\/p>\n\n\n\n<p>Oaxaca de Ju\u00e1rez, Oax., 1 de agosto de 2021.- Un menor asesinado y un adulto herido, tras asalto en la colindancia de Oaxaca con Puebla, as\u00ed como un individuo muerto por accidente y el suicidio de una menor, en la regi\u00f3n Costa, adem\u00e1s de balacera en Tuxtepec, es el saldo preliminar violento de este domingo en en la entidad.<\/p>\n\n\n\n<p>Alrededor de las 05:30 horas, sujetos armados asaltaron a ocupantes de una camioneta de pasajeros, en la carretera local de Santiago Texcalcingo, a unos 30 kil\u00f3metros de Teotitl\u00e1n de Flores Mag\u00f3n, pero en jurisdicci\u00f3n de Vigastepec, Puebla.<\/p>\n\n\n\n<p>De acuerdo con el sitio informativo \u201cRuta 135\u201d, la unidad de motor se dirig\u00eda a Tehuac\u00e1n, Puebla, sin embargo, fue interceptada por un grupo delictivo, que al oponer resistencia algunos pasajeros, dispar\u00f3 en contra de ellos.<\/p>\n\n\n\n<p>Al momento perdi\u00f3 la vida Jos\u00e9 Orlando P. B., de 14 a\u00f1os de edad, mientras que el conductor y propietario de la camioneta, adem\u00e1s de ex presidente municipal de Texcalcingo, Fausto M., result\u00f3 herido de gravedad.<\/p>\n\n\n\n<p>Por otra parte, aproximadamente a las 06:00 horas se registr\u00f3 un accidente en la carretera federal 200 de la Costa, tramo Pinotepa Nacional-Acapulco, se suscit\u00f3 un choque entre un veh\u00edculo compacto y una unidad de carga.<\/p>\n\n\n\n<p>En el coche marca Nissan, tipo Platina, con placas de circulaci\u00f3n HDM-201C, procedente de la comunidad de San Juan Colorado, perdi\u00f3 la vida el conductor, mientras que tres personas resultaron lesionadas.<\/p>\n\n\n\n<p>Tambi\u00e9n en la Costa pero en la comunidad de Corralero, Pinotepa Nacional, una menor de 13 a\u00f1os de edad decidi\u00f3 quitarse la vida, hasta ahora por razones desconocidas.<\/p>\n\n\n\n<p>Mientras que en la colonia El Castillo de San Juan Bautista Tuxtepec, se registr\u00f3 una balacera en la fachada de un domicilio; hasta el momento no se reportan v\u00edctimas.<\/p>\n","protected":false},"excerpt":{"rendered":"<p>Redacci\u00f3n\/Zona Roja. Oaxaca de Ju\u00e1rez, Oax., 1 de agosto de 2021.- Un menor asesinado y&hellip;<\/p>\n","protected":false},"author":2,"featured_media":30407,"comment_status":"closed","ping_status":"open","sticky":false,"template":"","format":"standard","meta":{"_lmt_disableupdate":"","_lmt_disable":"","_jetpack_memberships_contains_paid_content":false,"footnotes":""},"categories":[109,51],"tags":[2829],"class_list":["post-30406","post","type-post","status-publish","format-standard","has-post-thumbnail","hentry","category-minuto-a-minuto","category-zona-roja","tag-santiago-texcalcingo"],"jetpack_featured_media_url":"https:\/\/zonaroja.com.mx\/wp-content\/uploads\/2021\/08\/Escena-del-crimen-homicidio-violencia.jpg","jetpack_sharing_enabled":true,"_links":{"self":[{"href":"https:\/\/zonaroja.com.mx\/index.php?rest_route=\/wp\/v2\/posts\/30406","targetHints":{"allow":["GET"]}}],"collection":[{"href":"https:\/\/zonaroja.com.mx\/index.php?rest_route=\/wp\/v2\/posts"}],"about":[{"href":"https:\/\/zonaroja.com.mx\/index.php?rest_route=\/wp\/v2\/types\/post"}],"author":[{"embeddable":true,"href":"https:\/\/zonaroja.com.mx\/index.php?rest_route=\/wp\/v2\/users\/2"}],"replies":[{"embeddable":true,"href":"https:\/\/zonaroja.com.mx\/index.php?rest_route=%2Fwp%2Fv2%2Fcomments&post=30406"}],"version-history":[{"count":2,"href":"https:\/\/zonaroja.com.mx\/index.php?rest_route=\/wp\/v2\/posts\/30406\/revisions"}],"predecessor-version":[{"id":30409,"href":"https:\/\/zonaroja.com.mx\/index.php?rest_route=\/wp\/v2\/posts\/30406\/revisions\/30409"}],"wp:featuredmedia":[{"embeddable":true,"href":"https:\/\/zonaroja.com.mx\/index.php?rest_route=\/wp\/v2\/media\/30407"}],"wp:attachment":[{"href":"https:\/\/zonaroja.com.mx\/index.php?rest_route=%2Fwp%2Fv2%2Fmedia&parent=30406"}],"wp:term":[{"taxonomy":"category","embeddable":true,"href":"https:\/\/zonaroja.com.mx\/index.php?rest_route=%2Fwp%2Fv2%2Fcategories&post=30406"},{"taxonomy":"post_tag","embeddable":true,"href":"https:\/\/zonaroja.com.mx\/index.php?rest_route=%2Fwp%2Fv2%2Ftags&post=30406"}],"curies":[{"name":"wp","href":"https:\/\/api.w.org\/{rel}","templated":true}]}}