{"id":30417,"date":"2021-08-01T22:24:13","date_gmt":"2021-08-02T03:24:13","guid":{"rendered":"http:\/\/www.zonaroja.com.mx\/?p=30417"},"modified":"2021-08-01T22:24:17","modified_gmt":"2021-08-02T03:24:17","slug":"que-la-cancelen-no-es-democratico-los-reclamos-en-la-consulta-popular","status":"publish","type":"post","link":"https:\/\/zonaroja.com.mx\/?p=30417","title":{"rendered":"\u201c\u00a1Que la cancelen, no es democr\u00e1tico!\u201d, los reclamos en la consulta popular."},"content":{"rendered":"\n<p>Ismael Garc\u00eda M.\/Zona Roja.<\/p>\n\n\n\n<p>Santa Luc\u00eda del Camino, Oax., 1 de agosto de 2021.- Mediod\u00eda de domingo, exterior del palacio municipal de Santa Luc\u00eda del Camino.<\/p>\n\n\n\n<p>Don Fortino lleg\u00f3 a votar a la consulta popular para enjuiciar a ex presidentes de M\u00e9xico, pero lo mandaron a otro lugar\u2026 como a decenas de ciudadanos.<\/p>\n\n\n\n<p>\u201cNosotros somos del sector casco (municipal) y nos mandan a otros lugares\u2026 me mandan a Rancho Nuevo y pertenezco al casco. Creo que esto ya es plan con ma\u00f1a y as\u00ed pues no se puede.<\/p>\n\n\n\n<p>\u201cOtra se\u00f1ora que est\u00e1 ah\u00ed la mandan a otro lugar, eso no es correcto. Ahorita no se inform\u00f3 ni d\u00f3nde, no se pusieron casillas, nos mandan a otros lugares. Creo que eso no es correcto. Deben cancelar esto, que se vuelva a realizar en forma, porque as\u00ed no se vale\u201d, explica en entrevista.<\/p>\n\n\n\n<p>Es la constante. Hombres y mujeres, j\u00f3venes y adultos mayores, vez tras vez son regresados. \u201c\u00a1Qu\u00e9 se va a votar!, \u00a1Yo no traigo credencial de elector!\u201d, grita otro individuo que pese a ello, desea justicia contra los ex presidentes de M\u00e9xico.<\/p>\n\n\n\n<p>\u201cCada poblaci\u00f3n a su municipio, \u00a1que se cancele y se vuelva a repetir, pero que sea en serio, porque esto no es democracia, es plan con ma\u00f1a\u201d, reitera don Fortino Herrera.<\/p>\n\n\n\n<figure class=\"wp-block-embed-twitter wp-block-embed is-type-rich is-provider-twitter\"><div class=\"wp-block-embed__wrapper\">\n<div class=\"twitter-tweet\"><blockquote class=\"twitter-tweet\" data-lang=\"es\"><p lang=\"es\" dir=\"ltr\">En Santa Luc\u00eda del Camino, como en varios lugares de <a href=\"https:\/\/twitter.com\/hashtag\/Oaxaca?src=hash&amp;ref_src=twsrc%5Etfw\">#Oaxaca<\/a>, hubo inconformes porque no hubo informaci\u00f3n de la ubicaci\u00f3n de las casillas para la <a href=\"https:\/\/twitter.com\/hashtag\/ConultaPopular2021?src=hash&amp;ref_src=twsrc%5Etfw\">#ConultaPopular2021<\/a>, por lo que los enviaron a otros lugares lejanos, lo que dificult\u00f3 el traslado y unos decidieron desistir. <a href=\"https:\/\/t.co\/5XHVYiYzdV\">pic.twitter.com\/5XHVYiYzdV<\/a><\/p>&mdash; Zona Roja Oaxaca (@Zona_Roja_Oax) <a href=\"https:\/\/twitter.com\/Zona_Roja_Oax\/status\/1421970070683758593?ref_src=twsrc%5Etfw\">1 de agosto de 2021<\/a><\/blockquote><\/div>\n<\/div><\/figure>\n\n\n\n<p>\u201cA m\u00ed me mandaron a San Agust\u00edn Yatareni, pero ya para ir para all\u00e1 est\u00e1 muy lejos, aqu\u00ed pertenecemos y la verdad eso no est\u00e1 bien, que lo mande uno lejos\u201d, refuerza don Erasmo G\u00f3mez, credencial en mano.<\/p>\n\n\n\n<p>As\u00ed transcurri\u00f3 en Oaxaca la jornada c\u00edvica, avalada por el Instituto Nacional Electoral (INE), en que se reconoci\u00f3 adem\u00e1s oficialmente, que en una casilla de la Villa de Zaachila terminaron muy temprano la votaci\u00f3n y decidieron marcar como canceladas todas las boletas, varias horas antes de concluir la jornada.<\/p>\n\n\n\n<p>En varios sitios la constante fue la misma: escasos votantes, deseos de justicia contra ex mandatarios mexicanos, escasa informaci\u00f3n acerca de los lugares de ubicaci\u00f3n de las casillas y mucha desinformaci\u00f3n.<\/p>\n\n\n\n<p>En Oaxaca, de acuerdo con la Secretar\u00eda de Seguridad P\u00fablica, la jornada transcurri\u00f3 sin incidentes, con el resguardo de 850 elementos en 319 municipios, en que se instalaron mil 864 mesas receptoras.<\/p>\n\n\n\n<p>Como en todo el pa\u00eds, gan\u00f3 abrumadoramente el s\u00ed\u2026 pero con un reducido n\u00famero de votantes.<\/p>\n","protected":false},"excerpt":{"rendered":"<p>Ismael Garc\u00eda M.\/Zona Roja. Santa Luc\u00eda del Camino, Oax., 1 de agosto de 2021.- Mediod\u00eda&hellip;<\/p>\n","protected":false},"author":2,"featured_media":30418,"comment_status":"closed","ping_status":"open","sticky":false,"template":"","format":"standard","meta":{"_lmt_disableupdate":"","_lmt_disable":"","_jetpack_memberships_contains_paid_content":false,"footnotes":""},"categories":[109,47],"tags":[2830],"class_list":["post-30417","post","type-post","status-publish","format-standard","has-post-thumbnail","hentry","category-minuto-a-minuto","category-zona-gris","tag-consulta-popular-mexico-2021"],"jetpack_featured_media_url":"https:\/\/zonaroja.com.mx\/wp-content\/uploads\/2021\/08\/Consulta-popular-juicio-ex-presidentes.jpg","jetpack_sharing_enabled":true,"_links":{"self":[{"href":"https:\/\/zonaroja.com.mx\/index.php?rest_route=\/wp\/v2\/posts\/30417","targetHints":{"allow":["GET"]}}],"collection":[{"href":"https:\/\/zonaroja.com.mx\/index.php?rest_route=\/wp\/v2\/posts"}],"about":[{"href":"https:\/\/zonaroja.com.mx\/index.php?rest_route=\/wp\/v2\/types\/post"}],"author":[{"embeddable":true,"href":"https:\/\/zonaroja.com.mx\/index.php?rest_route=\/wp\/v2\/users\/2"}],"replies":[{"embeddable":true,"href":"https:\/\/zonaroja.com.mx\/index.php?rest_route=%2Fwp%2Fv2%2Fcomments&post=30417"}],"version-history":[{"count":1,"href":"https:\/\/zonaroja.com.mx\/index.php?rest_route=\/wp\/v2\/posts\/30417\/revisions"}],"predecessor-version":[{"id":30419,"href":"https:\/\/zonaroja.com.mx\/index.php?rest_route=\/wp\/v2\/posts\/30417\/revisions\/30419"}],"wp:featuredmedia":[{"embeddable":true,"href":"https:\/\/zonaroja.com.mx\/index.php?rest_route=\/wp\/v2\/media\/30418"}],"wp:attachment":[{"href":"https:\/\/zonaroja.com.mx\/index.php?rest_route=%2Fwp%2Fv2%2Fmedia&parent=30417"}],"wp:term":[{"taxonomy":"category","embeddable":true,"href":"https:\/\/zonaroja.com.mx\/index.php?rest_route=%2Fwp%2Fv2%2Fcategories&post=30417"},{"taxonomy":"post_tag","embeddable":true,"href":"https:\/\/zonaroja.com.mx\/index.php?rest_route=%2Fwp%2Fv2%2Ftags&post=30417"}],"curies":[{"name":"wp","href":"https:\/\/api.w.org\/{rel}","templated":true}]}}