{"id":30420,"date":"2021-08-02T07:17:59","date_gmt":"2021-08-02T12:17:59","guid":{"rendered":"http:\/\/www.zonaroja.com.mx\/?p=30420"},"modified":"2021-08-02T07:18:04","modified_gmt":"2021-08-02T12:18:04","slug":"crece-delincuencia-en-la-ciudad-de-oaxaca-asesinan-a-dos-individuos","status":"publish","type":"post","link":"https:\/\/zonaroja.com.mx\/?p=30420","title":{"rendered":"Crece delincuencia en la ciudad de Oaxaca; asesinan a dos individuos"},"content":{"rendered":"\n<p>Ismael Garc\u00eda M.\/Zona Roja.<\/p>\n\n\n\n<p>Oaxaca de Ju\u00e1rez, Oax., 2 de agosto de 2021.- Dos personas asesinadas en hechos distintos, as\u00ed como una lesionada, es el saldo de hechos violentos ocurridos anoche en el municipio de Oaxaca de Ju\u00e1rez.<\/p>\n\n\n\n<p>Alrededor de las 22:00 horas y presuntamente derivado de un incidente de tr\u00e1nsito, en la carretera de las riberas del r\u00edo \u201cAtoyac\u201d esquina con Circuito Interior, colonia Ejido Santa Mar\u00eda, de la agencia de Pueblo Nuevo, sujetos a bordo de un coche tipo Vento, marca Volkswagen, bajaron al chofer de un auto marca Audi, color rojo, con placas de circulaci\u00f3n 262-USP.<\/p>\n\n\n\n<p>Adem\u00e1s de propinarle golpes, lo atacaron con piedras y uno de ellos le agredi\u00f3 con arma blanca; luego de ello, destrozaron tambi\u00e9n la unidad de motor de la v\u00edctima, que posteriormente fue identificada como Miguel \u00c1ngel Gonz\u00e1lez de la Paz, de 35 a\u00f1os de edad.<\/p>\n\n\n\n<figure class=\"wp-block-embed-twitter wp-block-embed is-type-rich is-provider-twitter\"><div class=\"wp-block-embed__wrapper\">\n<div class=\"twitter-tweet\"><blockquote class=\"twitter-tweet\" data-lang=\"es\"><p lang=\"es\" dir=\"ltr\"><a href=\"https:\/\/twitter.com\/hashtag\/OaxacaRojo?src=hash&amp;ref_src=twsrc%5Etfw\">#OaxacaRojo<\/a><br>As\u00ed fue la agresi\u00f3n anoche, a golpes y con arma blanca, al m\u00e9dico Miguel Gonz\u00e1lez de la Paz, de 35 a\u00f1os de edad; hubo varios testigos, pero nadie intent\u00f3 detener a los presuntos homicidas, de los hechos ocurridos en la agencia Pueblo Nuevo, <a href=\"https:\/\/twitter.com\/hashtag\/Oaxaca?src=hash&amp;ref_src=twsrc%5Etfw\">#Oaxaca<\/a> de Ju\u00e1rez. <a href=\"https:\/\/t.co\/wEPrn0XOak\">pic.twitter.com\/wEPrn0XOak<\/a><\/p>&mdash; Zona Roja Oaxaca (@Zona_Roja_Oax) <a href=\"https:\/\/twitter.com\/Zona_Roja_Oax\/status\/1422165625263251458?ref_src=twsrc%5Etfw\">2 de agosto de 2021<\/a><\/blockquote><\/div>\n<\/div><\/figure>\n\n\n\n<p>Un elemento policiaco presenci\u00f3 los hechos pero solamente se limit\u00f3 a llamar por tel\u00e9fono, mientras que varios vecinos se encontraban en la zona e incluso grabaron videos, pero no intervinieron para frenar la agresi\u00f3n o ahuyentar a los presuntos delincuentes.<\/p>\n\n\n\n<p>OTRO CASO<\/p>\n\n\n\n<p>Por otra parte, cerca de la media noche de ayer, en la calle Monte Olimpo esquina con Coral de la colonia Heladio Ram\u00edrez L\u00f3pez de la ciudad capital, ocurri\u00f3 otra agresi\u00f3n a balazos por parte de sujetos desconocidos.<\/p>\n\n\n\n<p>Dos personas fueron trasladadas graves de salud a un hospital, pero una de ellas perdi\u00f3 la vida por disparos en la cabeza; hasta el momento las v\u00edctimas no han sido identificadas, como tampoco hay personas detenidas.<\/p>\n\n\n\n<figure class=\"wp-block-embed-twitter wp-block-embed is-type-rich is-provider-twitter\"><div class=\"wp-block-embed__wrapper\">\n<div class=\"twitter-tweet\"><blockquote class=\"twitter-tweet\" data-lang=\"es\"><p lang=\"es\" dir=\"ltr\"><a href=\"https:\/\/twitter.com\/hashtag\/%C3%9AltimoMinuto?src=hash&amp;ref_src=twsrc%5Etfw\">#\u00daltimoMinuto<\/a> <br>Precisan que la agresi\u00f3n con arma blanca, ocurri\u00f3 en la carretera sobre las riberas del r\u00edo #Atoyac#, el jurisdicci\u00f3n de la agencia de Pueblo Nuevo, a unos metros del crucero a Trinidad de Viguera; la v\u00edctima conduc\u00eda este veh\u00edculo marca Audi. <a href=\"https:\/\/t.co\/wv3WeLlaPz\">pic.twitter.com\/wv3WeLlaPz<\/a><\/p>&mdash; Zona Roja Oaxaca (@Zona_Roja_Oax) <a href=\"https:\/\/twitter.com\/Zona_Roja_Oax\/status\/1422031422857093121?ref_src=twsrc%5Etfw\">2 de agosto de 2021<\/a><\/blockquote><\/div>\n<\/div><\/figure>\n","protected":false},"excerpt":{"rendered":"<p>Ismael Garc\u00eda M.\/Zona Roja. Oaxaca de Ju\u00e1rez, Oax., 2 de agosto de 2021.- Dos personas&hellip;<\/p>\n","protected":false},"author":2,"featured_media":30421,"comment_status":"closed","ping_status":"open","sticky":false,"template":"","format":"standard","meta":{"_lmt_disableupdate":"","_lmt_disable":"","_jetpack_memberships_contains_paid_content":false,"footnotes":""},"categories":[109,47],"tags":[148],"class_list":["post-30420","post","type-post","status-publish","format-standard","has-post-thumbnail","hentry","category-minuto-a-minuto","category-zona-gris","tag-oaxaca-de-juarez"],"jetpack_featured_media_url":"https:\/\/zonaroja.com.mx\/wp-content\/uploads\/2021\/08\/Medico-asesinado-Miguel-Angel-Gonzalez-de-la-paz.jpg","jetpack_sharing_enabled":true,"_links":{"self":[{"href":"https:\/\/zonaroja.com.mx\/index.php?rest_route=\/wp\/v2\/posts\/30420","targetHints":{"allow":["GET"]}}],"collection":[{"href":"https:\/\/zonaroja.com.mx\/index.php?rest_route=\/wp\/v2\/posts"}],"about":[{"href":"https:\/\/zonaroja.com.mx\/index.php?rest_route=\/wp\/v2\/types\/post"}],"author":[{"embeddable":true,"href":"https:\/\/zonaroja.com.mx\/index.php?rest_route=\/wp\/v2\/users\/2"}],"replies":[{"embeddable":true,"href":"https:\/\/zonaroja.com.mx\/index.php?rest_route=%2Fwp%2Fv2%2Fcomments&post=30420"}],"version-history":[{"count":1,"href":"https:\/\/zonaroja.com.mx\/index.php?rest_route=\/wp\/v2\/posts\/30420\/revisions"}],"predecessor-version":[{"id":30422,"href":"https:\/\/zonaroja.com.mx\/index.php?rest_route=\/wp\/v2\/posts\/30420\/revisions\/30422"}],"wp:featuredmedia":[{"embeddable":true,"href":"https:\/\/zonaroja.com.mx\/index.php?rest_route=\/wp\/v2\/media\/30421"}],"wp:attachment":[{"href":"https:\/\/zonaroja.com.mx\/index.php?rest_route=%2Fwp%2Fv2%2Fmedia&parent=30420"}],"wp:term":[{"taxonomy":"category","embeddable":true,"href":"https:\/\/zonaroja.com.mx\/index.php?rest_route=%2Fwp%2Fv2%2Fcategories&post=30420"},{"taxonomy":"post_tag","embeddable":true,"href":"https:\/\/zonaroja.com.mx\/index.php?rest_route=%2Fwp%2Fv2%2Ftags&post=30420"}],"curies":[{"name":"wp","href":"https:\/\/api.w.org\/{rel}","templated":true}]}}