{"id":30423,"date":"2021-08-02T08:18:19","date_gmt":"2021-08-02T13:18:19","guid":{"rendered":"http:\/\/www.zonaroja.com.mx\/?p=30423"},"modified":"2021-08-02T08:18:22","modified_gmt":"2021-08-02T13:18:22","slug":"opinion-ulises-ruiz-su-eterno-fracaso-politico-y-su-retiro-de-oaxaca","status":"publish","type":"post","link":"https:\/\/zonaroja.com.mx\/?p=30423","title":{"rendered":"Opini\u00f3n. Ulises Ruiz, su eterno fracaso pol\u00edtico y su retiro de Oaxaca"},"content":{"rendered":"\n<p>Ismael Garc\u00eda M.\/Zona Roja.<\/p>\n\n\n\n<p>Oaxaca de Ju\u00e1rez, Oax., 2 de agosto de 2021.- En su m\u00e1s reciente periplo \u201cdemocratizador\u201d contra la dirigencia nacional del PRI, s\u00f3lo logr\u00f3 que le recordaran los delitos de lesa humanidad que cometi\u00f3 en 2006\u2026 y que fuera demandado por en\u00e9sima ocasi\u00f3n.<\/p>\n\n\n\n<p>Es Ulises Ruiz Ortiz, el ex gobernador de Oaxaca que hace desde hace 11 a\u00f1os que dej\u00f3 el cargo, nada mas no da una.<\/p>\n\n\n\n<p>Confrontado con la c\u00fapula de lo que queda del PRI, sus se\u00f1alamientos, cr\u00edticas a Alejandro Moreno C\u00e1rdenas y sus afanes de democracia, lo alejan cada vez m\u00e1s de ese instituto pol\u00edtico, y de los cargos partidistas o de representaci\u00f3n popular.<\/p>\n\n\n\n<p>Y en su estado natal, es un perfecto desconocido ya, repudiado por diversos sectores sociales, principalmente el magisterio y organizaciones, tanto que cada vez que intent\u00f3 dar batalla pol\u00edtica en la entidad, fue rechazado.<\/p>\n\n\n\n<p>TRIUNFO P\u00cdRRICO<\/p>\n\n\n\n<p>Su triunfo en la elecci\u00f3n de agosto de 2004 fue p\u00edrrico, con apenas alrededor de 25 mil votos de diferencia de su contrincante principal, Gabino Cu\u00e9 Monteagudo.<\/p>\n\n\n\n<p>El primero, apoyado por el PRI-PT y PVEM bajo la coalici\u00f3n \u201cNueva Fuerza Oaxaque\u00f1a\u201d; el segundo, con \u201cTodos Somos Oaxaca\u201d, cobijado por Convergencia-PAN-PRD.<\/p>\n\n\n\n<p>Seis a\u00f1os atr\u00e1s, intent\u00f3 cerrarle el paso a Jos\u00e9 Murat, para que no fuera el candidato priista a la gubernatura; seis a\u00f1os despu\u00e9s, Gabino Cu\u00e9 le arrebat\u00f3 el poder.<\/p>\n\n\n\n<p>DEL ORO AL MORO<\/p>\n\n\n\n<p>Al ex mandatario estatal le preced\u00eda una fama de \u201cmapache\u201d electoral, un experto en marruller\u00edas tradicionales del PRI, disc\u00edpulo predilecto de Roberto Madrazo, ex candidato presidencial.<\/p>\n\n\n\n<p>Dirigente partidista en distintos cargos, diputado local y federal, Senador de la Rep\u00fablica, delegado nacional priista desde 1989 en varias entidades del pa\u00eds; cada estado que pon\u00eda el pie, ganaba sin ning\u00fan contratiempo<\/p>\n\n\n\n<p>Originario de Chalcatongo de Hidalgo pero avecindado desde peque\u00f1o en Juchit\u00e1n de Zaragoza, entr\u00f3 a las grandes ligas partidistas muy joven, siempre de la mano de Madrazo, de quien aprendi\u00f3 las artima\u00f1as.<\/p>\n\n\n\n<p>Inici\u00f3 su sexenio con \u00e1nimos renovadores y transformadores; los hospitales y las universidades p\u00fablicas, su principal apuesta; luego, la renovaci\u00f3n de calles del Centro Hist\u00f3rico, incluyendo la siembra de \u00e1rboles en las banquetas.<\/p>\n\n\n\n<p>En construcci\u00f3n de nosocomios tuvo muchos \u00e9xitos -\u2013incluyendo el Sedna de su propiedad en la ciudad de M\u00e9xico&#8211; pero tambi\u00e9n varios fracasos, que a\u00fan hoy lo persiguen.<\/p>\n\n\n\n<p>Su crisis, por falta de operadores pol\u00edticos -\u2013y a pesar de contar con Jorge Franco Vargas&#8211; inici\u00f3 con la remoci\u00f3n del z\u00f3calo, que incluy\u00f3 el levantamiento del piso de cantera y las jardineras, lo que comenz\u00f3 a generar inconformidades, en 2005.<\/p>\n\n\n\n<p>LA DEBACLE<\/p>\n\n\n\n<p>Pero su crisis m\u00e1s grave comenz\u00f3 el 15 de mayo de 2006, en que inici\u00f3 el tradicional y anual \u201cplant\u00f3n\u201d magisterial. Hastiado por acciones magisteriales y \u00e1vido de elogios, orden\u00f3 a Franco Vargas y Jos\u00e9 Manuel Vera Salinas, encabezar el desalojo de maestros del z\u00f3calo y la Alameda, la madrugada del 14 de junio.<\/p>\n\n\n\n<p>No lo hubiera hecho. Se desat\u00f3 el infierno, primero con la disputa violenta y armada del centro de la ciudad de Oaxaca.<\/p>\n\n\n\n<p>Vino luego el surgimiento de la Asamblea Popular de los Pueblos de Oaxaca (APPO), que despu\u00e9s lider\u00f3 Flavio Sosa Villavicencio. Seis meses de terror en las calles, que paulatinamente se extend\u00eda en el interior del estado, al grado que paraliz\u00f3 pr\u00e1cticamente las labores de Ruiz Ortiz, as\u00ed como del Poder Legislativo.<\/p>\n\n\n\n<p>Su cabeza estuvo en bandeja de plata en la Secretar\u00eda de Gobernaci\u00f3n pero Vicente Fox primero, luego Felipe Calder\u00f3n, lo perdonaron.<\/p>\n\n\n\n<p>Noviembre fueron las \u00faltimas batallas, pero volvieron a mediados del a\u00f1o siguiente, con la agresi\u00f3n a Emeterio Merino en un nuevo enfrentamiento, cuando antimotines frenaban a manifestantes que quer\u00edan ingresar a perturbar la Guelaguetza.<\/p>\n\n\n\n<p>De acuerdo con organismos oficiales y de la sociedad civil, el conflicto a lo largo de los seis meses de protestas dej\u00f3 al menos 30 ejecuciones extrajudiciales, 311 detenciones arbitrarias, 381 lesionados, 248 casos de tortura documentados y la desaparici\u00f3n forzada de dos personas.<\/p>\n\n\n\n<p>\u00bfY EL PODEROSO?<\/p>\n\n\n\n<p>A ra\u00edz de ello, Ulises Ruiz no ha tenido paz. Pudo terminar a medias sus obras, como los hospitales, y lo \u00fanico que dej\u00f3 como herencia, que a\u00fan se conserva, es la remoci\u00f3n de las calles del Centro Hist\u00f3rico.<\/p>\n\n\n\n<p>Perdi\u00f3 la elecci\u00f3n en 2010, con Gabino Cu\u00e9, arropado de nueva cuenta por partidos de oposici\u00f3n.<\/p>\n\n\n\n<p>Busc\u00f3 regresar a sus reflectores nacionales, pero no logr\u00f3 gran cosa. El m\u00e1ximo cargo que consigui\u00f3 fue el de delegado especial del PRI en Quintana Roo, en enero de 2014.<\/p>\n\n\n\n<p>De ah\u00ed inici\u00f3 una supuesta lucha democratizadora, e incluso criticaba constantemente al entonces presidente Enrique Pe\u00f1a Nieto, lo que lo hundi\u00f3 de nuevo. Sus confrontaciones con el ex gobernador Jos\u00e9 Murat tampoco cesaban, y no han parado.<\/p>\n\n\n\n<p>En 2019 atiz\u00f3 su lucha en el interior del PRI, ahora contra Alejandro Moreno, pero termin\u00f3 de nuevo derrotado por en\u00e9sima ocasi\u00f3n.<\/p>\n\n\n\n<p>En la \u00faltima semana de junio pasado, se lanz\u00f3 ya con barruntos de violencia, al tomar por una semana las instalaciones del PRI nacional, que deriv\u00f3 en balazos y dem\u00e1s agresiones, con saldo de un lesionado.<\/p>\n\n\n\n<p>Moreno C\u00e1rdenas lo amenaz\u00f3 de nuevo con denunciarlo, le record\u00f3 de nuevo su tr\u00e1gico pasado de 2006 y 2007 y adem\u00e1s analizan su expulsi\u00f3n.<\/p>\n\n\n\n<p>EL ABANDONADO<\/p>\n\n\n\n<p>Desde hace m\u00e1s de un lustro, sus supuestos fieles seguidores han sido copados, con cargos p\u00fablicos o puestos pol\u00edticos. Eviel P\u00e9rez Maga\u00f1a, Bulmaro Rito Salinas, Antonio Amaro Cancino, Jorge Franco Vargas y un largo etc\u00e9tera ya le dieron la espalda desde hace mucho.<\/p>\n\n\n\n<p>Le quedan muy escasos fieles, pero por miedo a perder el empleo o el cargo, optan por guardar en secreto la amistad, como es el caso de Alejandro Avil\u00e9s y de H\u00e9ctor Pablo Ram\u00edrez Puga, que incluso jugaron las contras en la elecci\u00f3n de Alejandro Murat.<\/p>\n\n\n\n<p>Hoy la estrella de Ulises Ruiz se apag\u00f3, al grado de recurrir a actitudes \u201cporriles\u201d (seg\u00fan lo denunciaron los propios priistas), en su desesperaci\u00f3n por la cauda de derrotas.<\/p>\n\n\n\n<p>En un mes inicia el proceso electoral 2021-2022, para elegir el pr\u00f3ximo a\u00f1o al sucesor de Alejandro Ismael Murat Hinojosa, pero en la entidad el ex gobernador no tiene absolutamente un \u00e1pice de seguidores<\/p>\n\n\n\n<p>Por el contrario, cada vez que ven\u00eda lo hac\u00eda pr\u00e1cticamente a escondidas, y hasta hace dos a\u00f1os, a\u00fan era perseguido por la Secci\u00f3n 22, dondequiera que fuere<\/p>\n\n\n\n<p>\u00bfParticipar\u00e1 en le proceso electoral oaxaque\u00f1o? Ni tiene fuerza ni tiene seguidores.<\/p>\n\n\n\n<p>Y si de verdad se llegara a refundar el PRI y se democratizara, por lo menos para ese papel, est\u00e1 descartado Ulises \u201cRuin\u201d.<\/p>\n","protected":false},"excerpt":{"rendered":"<p>Ismael Garc\u00eda M.\/Zona Roja. Oaxaca de Ju\u00e1rez, Oax., 2 de agosto de 2021.- En su&hellip;<\/p>\n","protected":false},"author":2,"featured_media":7610,"comment_status":"closed","ping_status":"open","sticky":false,"template":"","format":"standard","meta":{"_lmt_disableupdate":"","_lmt_disable":"","_jetpack_memberships_contains_paid_content":false,"footnotes":""},"categories":[456,109,48],"tags":[1353],"class_list":["post-30423","post","type-post","status-publish","format-standard","has-post-thumbnail","hentry","category-columna","category-minuto-a-minuto","category-zona-critica","tag-opinion-zona-critica"],"jetpack_featured_media_url":"https:\/\/zonaroja.com.mx\/wp-content\/uploads\/2020\/01\/Opini\u00f3n-Zona-Cr\u00edtica.jpg","jetpack_sharing_enabled":true,"_links":{"self":[{"href":"https:\/\/zonaroja.com.mx\/index.php?rest_route=\/wp\/v2\/posts\/30423","targetHints":{"allow":["GET"]}}],"collection":[{"href":"https:\/\/zonaroja.com.mx\/index.php?rest_route=\/wp\/v2\/posts"}],"about":[{"href":"https:\/\/zonaroja.com.mx\/index.php?rest_route=\/wp\/v2\/types\/post"}],"author":[{"embeddable":true,"href":"https:\/\/zonaroja.com.mx\/index.php?rest_route=\/wp\/v2\/users\/2"}],"replies":[{"embeddable":true,"href":"https:\/\/zonaroja.com.mx\/index.php?rest_route=%2Fwp%2Fv2%2Fcomments&post=30423"}],"version-history":[{"count":1,"href":"https:\/\/zonaroja.com.mx\/index.php?rest_route=\/wp\/v2\/posts\/30423\/revisions"}],"predecessor-version":[{"id":30424,"href":"https:\/\/zonaroja.com.mx\/index.php?rest_route=\/wp\/v2\/posts\/30423\/revisions\/30424"}],"wp:featuredmedia":[{"embeddable":true,"href":"https:\/\/zonaroja.com.mx\/index.php?rest_route=\/wp\/v2\/media\/7610"}],"wp:attachment":[{"href":"https:\/\/zonaroja.com.mx\/index.php?rest_route=%2Fwp%2Fv2%2Fmedia&parent=30423"}],"wp:term":[{"taxonomy":"category","embeddable":true,"href":"https:\/\/zonaroja.com.mx\/index.php?rest_route=%2Fwp%2Fv2%2Fcategories&post=30423"},{"taxonomy":"post_tag","embeddable":true,"href":"https:\/\/zonaroja.com.mx\/index.php?rest_route=%2Fwp%2Fv2%2Ftags&post=30423"}],"curies":[{"name":"wp","href":"https:\/\/api.w.org\/{rel}","templated":true}]}}