{"id":30425,"date":"2021-08-02T08:26:18","date_gmt":"2021-08-02T13:26:18","guid":{"rendered":"http:\/\/www.zonaroja.com.mx\/?p=30425"},"modified":"2021-08-02T08:26:22","modified_gmt":"2021-08-02T13:26:22","slug":"en-una-semana-aumentaron-45-los-contagios-en-oaxaca","status":"publish","type":"post","link":"https:\/\/zonaroja.com.mx\/?p=30425","title":{"rendered":"En una semana, aumentaron 45% los contagios en Oaxaca"},"content":{"rendered":"\n<p>Redacci\u00f3n\/Zona Roja.<\/p>\n\n\n\n<p>Oaxaca de Ju\u00e1rez, Oax., 1 de agosto de 2021.- Los Servicios de Salud de Oaxaca (SSO) informaron que, durante la semana del 25 al 31 de julio, el estado registr\u00f3 un acumulado de 55 mil 306 casos confirmados de Covid-19, observando un aumento del 45 por ciento con respecto a la semana anterior, pasando de mil 683 a dos mil 440 personas con esta patolog\u00eda viral.<\/p>\n\n\n\n<p>En tanto, la red hospitalaria para la atenci\u00f3n de pacientes con el virus SARS-CoV-2 registr\u00f3 un aumento del 10.4 por ciento en el n\u00famero de hospitalizados en comparaci\u00f3n con la semana anterior. Al corte del 31 de julio la ocupaci\u00f3n fue de 66.3% y esta semana se reportaron 67 decesos a causa de la enfermedad.<\/p>\n\n\n\n<p>Asimismo, en un comunicado, la dependencia inform\u00f3 que, siguiendo la Estrategia de la Pol\u00edtica Nacional de Vacunaci\u00f3n contra el virus SARS-CoV-2 para la prevenci\u00f3n de la Covid-19 en M\u00e9xico, la semana pasada se aplicaron 183 mil 760 dosis de vacunas de las farmac\u00e9uticas Pfizer-BioNTech, Sinovac, AstraZeneca y Cansino Biologic en las regiones de Valles Centrales, Costa, Mixteca, Ca\u00f1ada, Cuenca del Papaloapan e Istmo de Tehuantepec. Y tambi\u00e9n inici\u00f3 la vacunaci\u00f3n en mayores de 18 a\u00f1os.<\/p>\n\n\n\n<figure class=\"wp-block-embed-twitter wp-block-embed is-type-rich is-provider-twitter\"><div class=\"wp-block-embed__wrapper\">\n<div class=\"twitter-tweet\"><blockquote class=\"twitter-tweet\" data-lang=\"es\"><p lang=\"es\" dir=\"ltr\"><a href=\"https:\/\/twitter.com\/hashtag\/%C3%9AltimoMinuto?src=hash&amp;ref_src=twsrc%5Etfw\">#\u00daltimoMinuto<\/a><br>En <a href=\"https:\/\/twitter.com\/hashtag\/Oaxaca?src=hash&amp;ref_src=twsrc%5Etfw\">#Oaxaca<\/a>, este domingo los Servicios de Salud reportaron 61 casos positivos de Covi-19, con lo que la cifra total aumenta a 55 mil 367 confirmados.<br>Adem\u00e1s, 2 decesos, para un acumulado de 4 mil 157 fallecimientos.<br>La ocupaci\u00f3n hospitalaria promedio sube a 66.7%. <a href=\"https:\/\/t.co\/Xhoj91J3Nk\">pic.twitter.com\/Xhoj91J3Nk<\/a><\/p>&mdash; Zona Roja Oaxaca (@Zona_Roja_Oax) <a href=\"https:\/\/twitter.com\/Zona_Roja_Oax\/status\/1421995967755194368?ref_src=twsrc%5Etfw\">2 de agosto de 2021<\/a><\/blockquote><\/div>\n<\/div><\/figure>\n\n\n\n<p>Expuso que independientemente del color en el sem\u00e1foro epidemiol\u00f3gico o de haber recibido la vacuna, la poblaci\u00f3n se debe seguir cuid\u00e1ndonos y aplicar, sin excepci\u00f3n alguna, las medidas b\u00e1sicas de prevenci\u00f3n, como son:<\/p>\n\n\n\n<p>El uso correcto del cubrebocas, mantener la sana distancia, lavado frecuente de manos, evitar acudir a lugares concurridos o espacios cerrados con poca ventilaci\u00f3n, y en la medida de lo posible quedarse en casa.<\/p>\n\n\n\n<p>Reiter\u00f3 el llamado a sumarse al esfuerzo colectivo para reducir el incremento acelerado de casos activos, hospitalizaciones y lamentables defunciones por Covid-19.<\/p>\n","protected":false},"excerpt":{"rendered":"<p>Redacci\u00f3n\/Zona Roja. Oaxaca de Ju\u00e1rez, Oax., 1 de agosto de 2021.- Los Servicios de Salud&hellip;<\/p>\n","protected":false},"author":2,"featured_media":30426,"comment_status":"closed","ping_status":"open","sticky":false,"template":"","format":"standard","meta":{"_lmt_disableupdate":"","_lmt_disable":"","_jetpack_memberships_contains_paid_content":false,"footnotes":""},"categories":[109,47],"tags":[1512],"class_list":["post-30425","post","type-post","status-publish","format-standard","has-post-thumbnail","hentry","category-minuto-a-minuto","category-zona-gris","tag-coronavirus-oaxaca"],"jetpack_featured_media_url":"https:\/\/zonaroja.com.mx\/wp-content\/uploads\/2021\/08\/Ciudad-de-Oaxaca-gente-turistas.jpg","jetpack_sharing_enabled":true,"_links":{"self":[{"href":"https:\/\/zonaroja.com.mx\/index.php?rest_route=\/wp\/v2\/posts\/30425","targetHints":{"allow":["GET"]}}],"collection":[{"href":"https:\/\/zonaroja.com.mx\/index.php?rest_route=\/wp\/v2\/posts"}],"about":[{"href":"https:\/\/zonaroja.com.mx\/index.php?rest_route=\/wp\/v2\/types\/post"}],"author":[{"embeddable":true,"href":"https:\/\/zonaroja.com.mx\/index.php?rest_route=\/wp\/v2\/users\/2"}],"replies":[{"embeddable":true,"href":"https:\/\/zonaroja.com.mx\/index.php?rest_route=%2Fwp%2Fv2%2Fcomments&post=30425"}],"version-history":[{"count":1,"href":"https:\/\/zonaroja.com.mx\/index.php?rest_route=\/wp\/v2\/posts\/30425\/revisions"}],"predecessor-version":[{"id":30427,"href":"https:\/\/zonaroja.com.mx\/index.php?rest_route=\/wp\/v2\/posts\/30425\/revisions\/30427"}],"wp:featuredmedia":[{"embeddable":true,"href":"https:\/\/zonaroja.com.mx\/index.php?rest_route=\/wp\/v2\/media\/30426"}],"wp:attachment":[{"href":"https:\/\/zonaroja.com.mx\/index.php?rest_route=%2Fwp%2Fv2%2Fmedia&parent=30425"}],"wp:term":[{"taxonomy":"category","embeddable":true,"href":"https:\/\/zonaroja.com.mx\/index.php?rest_route=%2Fwp%2Fv2%2Fcategories&post=30425"},{"taxonomy":"post_tag","embeddable":true,"href":"https:\/\/zonaroja.com.mx\/index.php?rest_route=%2Fwp%2Fv2%2Ftags&post=30425"}],"curies":[{"name":"wp","href":"https:\/\/api.w.org\/{rel}","templated":true}]}}