{"id":30434,"date":"2021-08-02T14:54:24","date_gmt":"2021-08-02T19:54:24","guid":{"rendered":"http:\/\/www.zonaroja.com.mx\/?p=30434"},"modified":"2021-08-02T14:54:28","modified_gmt":"2021-08-02T19:54:28","slug":"confirman-mujer-asesinada-y-siete-heridos-por-balacera-en-atatlahuca-oaxaca","status":"publish","type":"post","link":"https:\/\/zonaroja.com.mx\/?p=30434","title":{"rendered":"Confirman mujer asesinada y siete heridos por balacera en Atatlahuca, Oaxaca"},"content":{"rendered":"\n<p>Redacci\u00f3n\/Zona Roja.<\/p>\n\n\n\n<p>Oaxaca de Ju\u00e1rez, Oax., 2 de agosto de 2021.- La Fiscal\u00eda General del Estado de Oaxaca y la Secretar\u00eda General de Gobierno (Segego) confirmaron una agresi\u00f3n armada en el municipio de San Esteban Atatlahuca, con saldo de una mujer asesinada y siete personas m\u00e1s lesionadas.<\/p>\n\n\n\n<p>La instituci\u00f3n de procuraci\u00f3n de justicia inform\u00f3 que dio inicio a la Carpeta de Investigaci\u00f3n n\u00famero 24513\/TLAXIACO\/2021 y envi\u00f3 personal ministerial y peritos a la zona.<\/p>\n\n\n\n<p>La v\u00edctima fue identificada de manera preliminar como Serapia Sandoval, mientras que algunos heridos responden a los nombres de Clemente Garc\u00eda, Alicia Garc\u00eda Avenda\u00f1o, Fernanda Garc\u00eda y Gabriel Cruz Sandoval.<\/p>\n\n\n\n<p>Los hechos sucedieron ayer domingo 1 de agosto aproximadamente a las 17:00 horas, presuntamente durante una asamblea comunitaria para destituir a las autoridades auxiliares, en que se registr\u00f3 un enfrentamiento.<\/p>\n\n\n\n<p>\u201cLuego de que las condiciones de acceso al referido municipio fueron seguras, el personal de la Fiscal\u00eda intervino en el lugar, realizando las diligencias en materia pericial, as\u00ed como entrevistas a testigos\u201d, dijo en un comunicado.<\/p>\n\n\n\n<p>Por su parte, la Segego solicit\u00f3 a la Secretar\u00eda de Seguridad P\u00fablica (SSP) y a la Guardia Nacional, implementar operativos de seguridad en la zona para restablecer el orden y la paz social.<\/p>\n\n\n\n<p>Instruy\u00f3 al representante de la dependencia en la Mixteca, Vibaldo Andr\u00e9s Olea Aniceto, trasladarse a la zona de conflicto para coadyuvar con las fuerzas del orden en las acciones necesarias para restablecer la paz.<\/p>\n","protected":false},"excerpt":{"rendered":"<p>Redacci\u00f3n\/Zona Roja. Oaxaca de Ju\u00e1rez, Oax., 2 de agosto de 2021.- La Fiscal\u00eda General del&hellip;<\/p>\n","protected":false},"author":2,"featured_media":30435,"comment_status":"closed","ping_status":"open","sticky":false,"template":"","format":"standard","meta":{"_lmt_disableupdate":"","_lmt_disable":"","_jetpack_memberships_contains_paid_content":false,"footnotes":""},"categories":[109,51],"tags":[1025],"class_list":["post-30434","post","type-post","status-publish","format-standard","has-post-thumbnail","hentry","category-minuto-a-minuto","category-zona-roja","tag-san-esteban-atatlahuca"],"jetpack_featured_media_url":"https:\/\/zonaroja.com.mx\/wp-content\/uploads\/2021\/08\/San-Esteban-Atatlahuca.jpg","jetpack_sharing_enabled":true,"_links":{"self":[{"href":"https:\/\/zonaroja.com.mx\/index.php?rest_route=\/wp\/v2\/posts\/30434","targetHints":{"allow":["GET"]}}],"collection":[{"href":"https:\/\/zonaroja.com.mx\/index.php?rest_route=\/wp\/v2\/posts"}],"about":[{"href":"https:\/\/zonaroja.com.mx\/index.php?rest_route=\/wp\/v2\/types\/post"}],"author":[{"embeddable":true,"href":"https:\/\/zonaroja.com.mx\/index.php?rest_route=\/wp\/v2\/users\/2"}],"replies":[{"embeddable":true,"href":"https:\/\/zonaroja.com.mx\/index.php?rest_route=%2Fwp%2Fv2%2Fcomments&post=30434"}],"version-history":[{"count":1,"href":"https:\/\/zonaroja.com.mx\/index.php?rest_route=\/wp\/v2\/posts\/30434\/revisions"}],"predecessor-version":[{"id":30436,"href":"https:\/\/zonaroja.com.mx\/index.php?rest_route=\/wp\/v2\/posts\/30434\/revisions\/30436"}],"wp:featuredmedia":[{"embeddable":true,"href":"https:\/\/zonaroja.com.mx\/index.php?rest_route=\/wp\/v2\/media\/30435"}],"wp:attachment":[{"href":"https:\/\/zonaroja.com.mx\/index.php?rest_route=%2Fwp%2Fv2%2Fmedia&parent=30434"}],"wp:term":[{"taxonomy":"category","embeddable":true,"href":"https:\/\/zonaroja.com.mx\/index.php?rest_route=%2Fwp%2Fv2%2Fcategories&post=30434"},{"taxonomy":"post_tag","embeddable":true,"href":"https:\/\/zonaroja.com.mx\/index.php?rest_route=%2Fwp%2Fv2%2Ftags&post=30434"}],"curies":[{"name":"wp","href":"https:\/\/api.w.org\/{rel}","templated":true}]}}