{"id":30438,"date":"2021-08-02T16:15:35","date_gmt":"2021-08-02T21:15:35","guid":{"rendered":"http:\/\/www.zonaroja.com.mx\/?p=30438"},"modified":"2021-08-02T16:15:39","modified_gmt":"2021-08-02T21:15:39","slug":"piden-diputados-a-gobierno-de-oaxaca-atender-reclamos-del-personal-de-salud","status":"publish","type":"post","link":"https:\/\/zonaroja.com.mx\/?p=30438","title":{"rendered":"Piden diputados a gobierno de Oaxaca atender reclamos del personal de salud"},"content":{"rendered":"\n<p>Redacci\u00f3n\/Zona Roja.<\/p>\n\n\n\n<p>Oaxaca de Ju\u00e1rez, Oax., 2 de agosto de 2021. A propuesta de la diputada Magaly L\u00f3pez Dom\u00ednguez, del Partido Morena, el Congreso del Estado, aprob\u00f3 emitir un exhorto dirigido al Gobernador del Estado, al titular de la Secretar\u00eda de Salud y al director General de los Servicios de Salud de Oaxaca (SSO), con el fin de garantizar los servicios m\u00e9dicos en las comunidades de alta y muy alta marginaci\u00f3n.<\/p>\n\n\n\n<p>Mediante el llamado legislativo, les solicita a dichas autoridades, instruir lo necesario para que se cubra el total de los sueldos que se adeudan y la recontrataci\u00f3n inmediata de las y los profesionales de la salud del Programa de Fortalecimiento a la Atenci\u00f3n M\u00e9dica.<\/p>\n\n\n\n<p>Asimismo, se pide que se realicen las acciones necesarias, para ampliar el n\u00famero de profesionales de la salud del programa en menci\u00f3n, e iniciar de inmediato el proceso para su basificaci\u00f3n, con el fin de que tengan acceso a prestaciones y garantizar el cumplimiento conjunto de sus derechos labores.<\/p>\n\n\n\n<p>Dentro de los argumentos, la representante popular, se\u00f1ala que el Programa de Fortalecimiento a la Atenci\u00f3n M\u00e9dica tiene la funci\u00f3n primordial de otorgar servicios m\u00e9dicos de primer nivel, odontolog\u00eda, enfermer\u00eda y promoci\u00f3n a la salud a la poblaci\u00f3n vulnerable de alta y muy alta marginaci\u00f3n.<\/p>\n\n\n\n<p>L\u00f3pez Dom\u00ednguez expuso que la propuesta se dio en atenci\u00f3n al personal m\u00e9dico que participa en dicho programa, quienes denunciaron de forma p\u00fablica que llevan m\u00e1s de cinco quincenas trabajando sin cobrar sus salarios y con la incertidumbre de si, seguir\u00e1n conservando sus empleos.<\/p>\n\n\n\n<p>Detall\u00f3 que son m\u00e1s de 145 trabajadoras y trabajadores de la salud que forman parte del Programa Fortalecimiento a la Atenci\u00f3n M\u00e9dica, quienes carecen de seguridad social, de fondo para vivienda, de vacaciones y de cualquier tipo de prestaci\u00f3n laboral de ley, debido a que&nbsp; trabajan por contratos que se renuevan cada a\u00f1o.<\/p>\n","protected":false},"excerpt":{"rendered":"<p>Redacci\u00f3n\/Zona Roja. Oaxaca de Ju\u00e1rez, Oax., 2 de agosto de 2021. A propuesta de la&hellip;<\/p>\n","protected":false},"author":2,"featured_media":30439,"comment_status":"closed","ping_status":"open","sticky":false,"template":"","format":"standard","meta":{"_lmt_disableupdate":"","_lmt_disable":"","_jetpack_memberships_contains_paid_content":false,"footnotes":""},"categories":[109,46],"tags":[192],"class_list":["post-30438","post","type-post","status-publish","format-standard","has-post-thumbnail","hentry","category-minuto-a-minuto","category-zona-blanca","tag-diputada-magaly-lopez-dominguez"],"jetpack_featured_media_url":"https:\/\/zonaroja.com.mx\/wp-content\/uploads\/2021\/08\/Diputada-Magaly-Lopez.jpeg","jetpack_sharing_enabled":true,"_links":{"self":[{"href":"https:\/\/zonaroja.com.mx\/index.php?rest_route=\/wp\/v2\/posts\/30438","targetHints":{"allow":["GET"]}}],"collection":[{"href":"https:\/\/zonaroja.com.mx\/index.php?rest_route=\/wp\/v2\/posts"}],"about":[{"href":"https:\/\/zonaroja.com.mx\/index.php?rest_route=\/wp\/v2\/types\/post"}],"author":[{"embeddable":true,"href":"https:\/\/zonaroja.com.mx\/index.php?rest_route=\/wp\/v2\/users\/2"}],"replies":[{"embeddable":true,"href":"https:\/\/zonaroja.com.mx\/index.php?rest_route=%2Fwp%2Fv2%2Fcomments&post=30438"}],"version-history":[{"count":1,"href":"https:\/\/zonaroja.com.mx\/index.php?rest_route=\/wp\/v2\/posts\/30438\/revisions"}],"predecessor-version":[{"id":30440,"href":"https:\/\/zonaroja.com.mx\/index.php?rest_route=\/wp\/v2\/posts\/30438\/revisions\/30440"}],"wp:featuredmedia":[{"embeddable":true,"href":"https:\/\/zonaroja.com.mx\/index.php?rest_route=\/wp\/v2\/media\/30439"}],"wp:attachment":[{"href":"https:\/\/zonaroja.com.mx\/index.php?rest_route=%2Fwp%2Fv2%2Fmedia&parent=30438"}],"wp:term":[{"taxonomy":"category","embeddable":true,"href":"https:\/\/zonaroja.com.mx\/index.php?rest_route=%2Fwp%2Fv2%2Fcategories&post=30438"},{"taxonomy":"post_tag","embeddable":true,"href":"https:\/\/zonaroja.com.mx\/index.php?rest_route=%2Fwp%2Fv2%2Ftags&post=30438"}],"curies":[{"name":"wp","href":"https:\/\/api.w.org\/{rel}","templated":true}]}}