{"id":30441,"date":"2021-08-02T16:31:17","date_gmt":"2021-08-02T21:31:17","guid":{"rendered":"http:\/\/www.zonaroja.com.mx\/?p=30441"},"modified":"2021-08-02T16:31:20","modified_gmt":"2021-08-02T21:31:20","slug":"sin-tregua-la-protestas-en-los-servicios-de-salud-de-oaxaca","status":"publish","type":"post","link":"https:\/\/zonaroja.com.mx\/?p=30441","title":{"rendered":"Sin tregua, la protestas en los Servicios de Salud de Oaxaca"},"content":{"rendered":"\n<p>Evlin Arag\u00f3n\/Zona Roja.<\/p>\n\n\n\n<p>Oaxaca de Ju\u00e1rez, Oax., 2 de agosto de 2021.- Personal m\u00e9dico del Hospital Civil \u201cDr. Aurelio Valdivieso\u201d adscrito al Instituto de Salud para el Bienestar (Insabi) \u201ctomo\u201d las oficinas administrativa y directivas del nosocomio para hacer evidente su inconformidad ante el anuncio de un presunto recorte de personal.&nbsp;<\/p>\n\n\n\n<p>Se trata de personal eventual que ha estado al frente de la pandemia y atenci\u00f3n directa de pacientes con Covid-19, ello a pesar de que Oaxaca enfrenta una tercera ola de contagios.<\/p>\n\n\n\n<p>\u201cSin amenazas al personal eventual. Fuera el doctor Concha\u201d, refer\u00eda una de las pancartas colocadas en las oficinas administrativas del hospital con mayor demanda en la entidad oaxaque\u00f1a.&nbsp;&nbsp;<\/p>\n\n\n\n<p>Ante la informaci\u00f3n surgida, solicitaron una audiencia con el titular de los Servicios de Salud de Oaxaca (SSO), Juan Carlos M\u00e1rquez Heine, as\u00ed como la salida del director del hospital, Seraf\u00edn L\u00f3pez Concha, quien previamente ya hab\u00eda sido cuestionado por la designaci\u00f3n de la jefa de Enfermer\u00eda, Leticia Ch\u00e1vez.&nbsp;<\/p>\n\n\n\n<p>Apenas el viernes pasado, personal del \u00e1rea se manifest\u00f3 en contra de dicho nombramiento y el hostigamiento laboral que han enfrentado de manera reciente al denunciar una convocatoria \u201cama\u00f1ada\u201d que no respet\u00f3 el voto de la base trabajadora, pese a que se preve\u00eda una elecci\u00f3n democr\u00e1tica.&nbsp;<\/p>\n\n\n\n<p>Mientras que, el Frente Nacional de Trabajadore de Salud en la Rep\u00fablica Mexicana (FNTSRM) convoc\u00f3 a sus agremiados a la \u201ctoma\u201d de oficinas en la capital y al interior del estado, debido al incumplimiento de acuerdo por parte de las autoridades locales.&nbsp;<\/p>\n\n\n\n<p>As\u00ed lo expuso mediante un oficio con fecha 1 de agosto en el que se establece que ante la falta de compromiso por parte de quienes est\u00e1n al frente de los SSO no pueden mantener su postura de privilegiar el dialogo y por el contrario accionar\u00edan este lunes.&nbsp;<\/p>\n\n\n\n<p>\u201c\u2026derivado del incumplimiento a las diversas minutas firmadas entre las autoridades de los Servicios de Salud de Oaxaca y este Comit\u00e9 Seccional, hecho que trasgrede los derechos que tenemos como gremio sindical y lesiona los intereses de nuestros agremiados, no podemos seguir manteniendo la postura que hasta este momento nos ha caracterizado, que es priorizar el di\u00e1logo\u201d, refiere el documento.&nbsp;<\/p>\n\n\n\n<p>La convocatoria incluye la \u201ctoma\u201d de las direcciones General, de Administraci\u00f3n, Prevenci\u00f3n y Promoci\u00f3n de la Salud, de Atenci\u00f3n M\u00e9dica, as\u00ed como las diversas jurisdicciones ubicadas en la capital y al interior del estado.&nbsp;<\/p>\n\n\n\n<p>Cabe se\u00f1alar que las protestas en el \u00e1mbito de la salud han sido una constante en las \u00faltimas semanas, tanto del personal adscrito a los Servicios de Salud como de proveedores de la dependencia que exigen pagos pendientes con un retraso de m\u00e1s de siete meses.&nbsp;<\/p>\n","protected":false},"excerpt":{"rendered":"<p>Evlin Arag\u00f3n\/Zona Roja. Oaxaca de Ju\u00e1rez, Oax., 2 de agosto de 2021.- Personal m\u00e9dico del&hellip;<\/p>\n","protected":false},"author":2,"featured_media":30442,"comment_status":"closed","ping_status":"open","sticky":false,"template":"","format":"standard","meta":{"_lmt_disableupdate":"","_lmt_disable":"","_jetpack_memberships_contains_paid_content":false,"footnotes":""},"categories":[109,47],"tags":[1005],"class_list":["post-30441","post","type-post","status-publish","format-standard","has-post-thumbnail","hentry","category-minuto-a-minuto","category-zona-gris","tag-servicios-de-salud-de-oaxaca-sso"],"jetpack_featured_media_url":"https:\/\/zonaroja.com.mx\/wp-content\/uploads\/2021\/08\/Protesta-Servicios-de-Salud.jpg","jetpack_sharing_enabled":true,"_links":{"self":[{"href":"https:\/\/zonaroja.com.mx\/index.php?rest_route=\/wp\/v2\/posts\/30441","targetHints":{"allow":["GET"]}}],"collection":[{"href":"https:\/\/zonaroja.com.mx\/index.php?rest_route=\/wp\/v2\/posts"}],"about":[{"href":"https:\/\/zonaroja.com.mx\/index.php?rest_route=\/wp\/v2\/types\/post"}],"author":[{"embeddable":true,"href":"https:\/\/zonaroja.com.mx\/index.php?rest_route=\/wp\/v2\/users\/2"}],"replies":[{"embeddable":true,"href":"https:\/\/zonaroja.com.mx\/index.php?rest_route=%2Fwp%2Fv2%2Fcomments&post=30441"}],"version-history":[{"count":1,"href":"https:\/\/zonaroja.com.mx\/index.php?rest_route=\/wp\/v2\/posts\/30441\/revisions"}],"predecessor-version":[{"id":30443,"href":"https:\/\/zonaroja.com.mx\/index.php?rest_route=\/wp\/v2\/posts\/30441\/revisions\/30443"}],"wp:featuredmedia":[{"embeddable":true,"href":"https:\/\/zonaroja.com.mx\/index.php?rest_route=\/wp\/v2\/media\/30442"}],"wp:attachment":[{"href":"https:\/\/zonaroja.com.mx\/index.php?rest_route=%2Fwp%2Fv2%2Fmedia&parent=30441"}],"wp:term":[{"taxonomy":"category","embeddable":true,"href":"https:\/\/zonaroja.com.mx\/index.php?rest_route=%2Fwp%2Fv2%2Fcategories&post=30441"},{"taxonomy":"post_tag","embeddable":true,"href":"https:\/\/zonaroja.com.mx\/index.php?rest_route=%2Fwp%2Fv2%2Ftags&post=30441"}],"curies":[{"name":"wp","href":"https:\/\/api.w.org\/{rel}","templated":true}]}}