{"id":30444,"date":"2021-08-02T19:30:03","date_gmt":"2021-08-03T00:30:03","guid":{"rendered":"http:\/\/www.zonaroja.com.mx\/?p=30444"},"modified":"2021-08-02T19:30:06","modified_gmt":"2021-08-03T00:30:06","slug":"inician-vacunacion-universal-contra-covid-19-en-oaxaca","status":"publish","type":"post","link":"https:\/\/zonaroja.com.mx\/?p=30444","title":{"rendered":"Inician vacunaci\u00f3n universal contra Covid-19 en Oaxaca"},"content":{"rendered":"\n<p>Redacci\u00f3n\/Zona Roja.<\/p>\n\n\n\n<p>Oaxaca de Ju\u00e1rez, Oax., 2 de agosto de 2021.- Los gobiernos federal y estatal iniciaron este lunes la jornada de vacunaci\u00f3n universal contra el Covid-19, para 523 municipios rurales del estado de Oaxaca.<\/p>\n\n\n\n<p>Se realizar\u00e1 trav\u00e9s de 95 rutas terrestres y 15 rutas a\u00e9reas para cubrir todo el territorio estatal. En su implementaci\u00f3n, el Ej\u00e9rcito Mexicano se coordina estrechamente con autoridades de los tres \u00f3rdenes de gobierno.<\/p>\n\n\n\n<p>En un comunicado, el gobierno estatal inform\u00f3 que el banderazo de inicio se dio la ma\u00f1ana de hoy en las instalaciones de la XXVII Zona Militar de la Secretar\u00eda de la Defensa Nacional, ubicada en Santa Mar\u00eda Ixcotel, agencia de Santa Luc\u00eda del Camino.<\/p>\n\n\n\n<p>Estuvieron presentes el titular de la VIII Regi\u00f3n Militar, General de Divisi\u00f3n Cruz Eduardo Vega Rivera; el comandante de la XXVIII Zona Militar, General Esa\u00fa Rodr\u00edguez Cu\u00e9llar, y el gobernador Alejandro Murat Hinojosa, quien dio el banderazo de salida a las brigadas del Plan de Vacunaci\u00f3n contra el Covid-19 en zonas rurales.<\/p>\n\n\n\n<p>Seg\u00fan se inform\u00f3, por encomienda del Presidente de M\u00e9xico, Andr\u00e9s Manuel L\u00f3pez Obrador, en Oaxaca ser\u00e1 implementado por el Ej\u00e9rcito Mexicano durante el mes de agosto.<\/p>\n\n\n\n<p>\u201cAgradezco la oportunidad que me da la Defensa Nacional y al Presidente de la Rep\u00fablica por haber dado las instrucciones para que juntos podamos llevar a cabo un proceso de vacunaci\u00f3n universal en las zonas rurales de Oaxaca\u201d, expres\u00f3 Murat Hinojosa.<\/p>\n\n\n\n<figure class=\"wp-block-embed-twitter wp-block-embed is-type-rich is-provider-twitter\"><div class=\"wp-block-embed__wrapper\">\n<div class=\"twitter-tweet\"><blockquote class=\"twitter-tweet\" data-lang=\"es\"><p lang=\"es\" dir=\"ltr\"><a href=\"https:\/\/twitter.com\/hashtag\/%C3%9AltimoMinuto?src=hash&amp;ref_src=twsrc%5Etfw\">#\u00daltimoMinuto<\/a><br>En la VIII Regi\u00f3n Militar de la <a href=\"https:\/\/twitter.com\/SEDENAmx?ref_src=twsrc%5Etfw\">@SEDENAmx<\/a> dieron inicio hoy a las brigadas de vacunaci\u00f3n universal para comunidades marginadas de Oaxaca.<br>El acto lo presidi\u00f3 el gobernador <a href=\"https:\/\/twitter.com\/alejandromurat?ref_src=twsrc%5Etfw\">@AlejandroMurat<\/a>,quien se reincorpor\u00f3 a sus actividades presenciales tras operaci\u00f3n en rodilla. <a href=\"https:\/\/t.co\/uxlQLIHPqC\">pic.twitter.com\/uxlQLIHPqC<\/a><\/p>&mdash; Zona Roja Oaxaca (@Zona_Roja_Oax) <a href=\"https:\/\/twitter.com\/Zona_Roja_Oax\/status\/1422332658827280384?ref_src=twsrc%5Etfw\">2 de agosto de 2021<\/a><\/blockquote><\/div>\n<\/div><\/figure>\n\n\n\n<p>Asimismo, dijo que es fundamental reiterar a la poblaci\u00f3n la importancia de realizar este proceso de vacunaci\u00f3n, que constituye una herramienta de gran importancia en la lucha contra la pandemia.<\/p>\n\n\n\n<p>Por su parte, el comandante de la VIII Regi\u00f3n Militar, Eduardo Vega Rivera, exhort\u00f3 a las brigadas participantes \u201ca poner todo su esfuerzo y dedicaci\u00f3n para que en un tiempo considerable podamos llevar a cabo la vacunaci\u00f3n en estas \u00e1reas rurales. Mucho \u00e9xito y que salga lo mejor, para que pronto estemos en condiciones de decir, misi\u00f3n cumplida\u201d.<\/p>\n\n\n\n<p>Esta jornada de vacunaci\u00f3n contra el Covid-19 dar\u00e1 inicio en la 46 Zona Militar en Ciudad Ixtepec, para atender a la poblaci\u00f3n rural mayor de 18 a\u00f1os y que no ha recibido el biol\u00f3gico en la regi\u00f3n del Istmo.<\/p>\n\n\n\n<p>La vacuna que ser\u00e1 aplicada es de la farmac\u00e9utica CanSino Biologics, la cual requiere de una sola dosis.<\/p>\n\n\n\n<p>Asimismo, dijo, la vacunaci\u00f3n contra el coronavirus en el resto de la entidad continuar\u00e1 tal como lo han dispuesto hasta ahora las autoridades federales.<\/p>\n","protected":false},"excerpt":{"rendered":"<p>Redacci\u00f3n\/Zona Roja. Oaxaca de Ju\u00e1rez, Oax., 2 de agosto de 2021.- Los gobiernos federal y&hellip;<\/p>\n","protected":false},"author":2,"featured_media":30445,"comment_status":"closed","ping_status":"open","sticky":false,"template":"","format":"standard","meta":{"_lmt_disableupdate":"","_lmt_disable":"","_jetpack_memberships_contains_paid_content":false,"footnotes":""},"categories":[109,46],"tags":[173],"class_list":["post-30444","post","type-post","status-publish","format-standard","has-post-thumbnail","hentry","category-minuto-a-minuto","category-zona-blanca","tag-alejandro-murat-hinojosa"],"jetpack_featured_media_url":"https:\/\/zonaroja.com.mx\/wp-content\/uploads\/2021\/08\/02-Dan-Ejercito-Mexicano-y-Gobierno-de-Oaxaca-banderazo-de-salida-a-brigadas-del-Plan-de-Vacunacion-contra-el-COVID-19-en-zonas-rurales.jpg","jetpack_sharing_enabled":true,"_links":{"self":[{"href":"https:\/\/zonaroja.com.mx\/index.php?rest_route=\/wp\/v2\/posts\/30444","targetHints":{"allow":["GET"]}}],"collection":[{"href":"https:\/\/zonaroja.com.mx\/index.php?rest_route=\/wp\/v2\/posts"}],"about":[{"href":"https:\/\/zonaroja.com.mx\/index.php?rest_route=\/wp\/v2\/types\/post"}],"author":[{"embeddable":true,"href":"https:\/\/zonaroja.com.mx\/index.php?rest_route=\/wp\/v2\/users\/2"}],"replies":[{"embeddable":true,"href":"https:\/\/zonaroja.com.mx\/index.php?rest_route=%2Fwp%2Fv2%2Fcomments&post=30444"}],"version-history":[{"count":1,"href":"https:\/\/zonaroja.com.mx\/index.php?rest_route=\/wp\/v2\/posts\/30444\/revisions"}],"predecessor-version":[{"id":30446,"href":"https:\/\/zonaroja.com.mx\/index.php?rest_route=\/wp\/v2\/posts\/30444\/revisions\/30446"}],"wp:featuredmedia":[{"embeddable":true,"href":"https:\/\/zonaroja.com.mx\/index.php?rest_route=\/wp\/v2\/media\/30445"}],"wp:attachment":[{"href":"https:\/\/zonaroja.com.mx\/index.php?rest_route=%2Fwp%2Fv2%2Fmedia&parent=30444"}],"wp:term":[{"taxonomy":"category","embeddable":true,"href":"https:\/\/zonaroja.com.mx\/index.php?rest_route=%2Fwp%2Fv2%2Fcategories&post=30444"},{"taxonomy":"post_tag","embeddable":true,"href":"https:\/\/zonaroja.com.mx\/index.php?rest_route=%2Fwp%2Fv2%2Ftags&post=30444"}],"curies":[{"name":"wp","href":"https:\/\/api.w.org\/{rel}","templated":true}]}}