{"id":30450,"date":"2021-08-02T21:21:51","date_gmt":"2021-08-03T02:21:51","guid":{"rendered":"http:\/\/www.zonaroja.com.mx\/?p=30450"},"modified":"2021-08-02T21:21:57","modified_gmt":"2021-08-03T02:21:57","slug":"identifican-a-presuntos-asesinos-de-medico-de-oaxaca","status":"publish","type":"post","link":"https:\/\/zonaroja.com.mx\/?p=30450","title":{"rendered":"Identifican a presuntos asesinos de m\u00e9dico de Oaxaca"},"content":{"rendered":"\n<p>Redacci\u00f3n\/Zona Roja.<\/p>\n\n\n\n<p>Oaxaca de Ju\u00e1rez, Oax., 2 de agosto de 2021.- A trav\u00e9s de las redes sociales, comienzan a identificar a los probables asesinos del joven m\u00e9dico, ultimado anoche en jurisdicci\u00f3n de la agencia de Pueblo Nuevo, en la capital de Oaxaca.<\/p>\n\n\n\n<p>Uno de ellos es conocido como \u201cEl Tanque\u201d o \u201cEl Choco\u201d, y el otro \u201cEl Tamales\u201d; estar\u00edan relacionado con una organizaci\u00f3n de transportistas con asentamiento en la zona poniente de la ciudad.<\/p>\n\n\n\n<p>Anoche alrededor de las 22:00 horas en la carretera a las riberas del r\u00edo \u201cAtoyac\u201d esquina con Circuito Interior, colonia Ejido Santa Mar\u00eda, de la agencia de Pueblo Nuevo, sujetos a bordo de un coche tipo Vento, marca Volkswagen, bajaron al chofer de un auto marca Audi, color rojo, con placas de circulaci\u00f3n 262-USP.<\/p>\n\n\n\n<p>Adem\u00e1s de propinarle golpes, lo atacaron con piedras y uno de ellos le agredi\u00f3 con arma blanca; luego de ello, destrozaron tambi\u00e9n la unidad de motor de la v\u00edctima, que posteriormente fue identificada como Miguel \u00c1ngel Gonz\u00e1lez de la Paz, de 35 a\u00f1os de edad.<\/p>\n\n\n\n<p>PABIC JUSTIFICA<\/p>\n\n\n\n<p>Un elemento de la Polic\u00eda Auxiliar, Bancaria, Industrial y Comercial (PABIC), se encontraba en la zona del conflicto y v\u00eda redes sociales criticaron que no hizo nada por detener a los presuntos homicidas.<\/p>\n\n\n\n<p>Ante ello, el director de la corporaci\u00f3n, Jonath\u00e1n Galv\u00e1n, inform\u00f3 a ZONA ROJA que el uniformado actu\u00f3 conforme a los protocolos establecidos por la instituci\u00f3n.<\/p>\n\n\n\n<p>Es decir, estaba en servicio resguardando una empresa comercial, era rebasado por el n\u00famero de agresores y no deb\u00eda accionar su arma de cargo en medio de peatones y automovilistas.<\/p>\n\n\n\n<p>Expuso que la actuaci\u00f3n del elemento tiene un alcance y que no pueden realizar actos fuera de su encomienda, en este caso el resguardo del establecimiento, debido a que es un servicio pagado por un particular.<\/p>\n\n\n\n<p>Dijo que en caso de haber accionado su arma, habr\u00eda incurrido en un problema legal; en cambio, s\u00ed se comunic\u00f3 v\u00eda telef\u00f3nica con sus superiores y con el n\u00famero de emergencia 911, a fin de que llegaran corporaciones p\u00fablicas al lugar de los hechos.<\/p>\n\n\n\n<p>No obstante, indic\u00f3, ser\u00e1 la Fiscal\u00eda General del Estado la que realice las indagatorias pertinentes a fin de deslindar responsabilidades; en su caso, la PABIC siempre ha estado dispuesta a colaborar con las dem\u00e1s autoridades.<\/p>\n","protected":false},"excerpt":{"rendered":"<p>Redacci\u00f3n\/Zona Roja. Oaxaca de Ju\u00e1rez, Oax., 2 de agosto de 2021.- A trav\u00e9s de las&hellip;<\/p>\n","protected":false},"author":2,"featured_media":30451,"comment_status":"closed","ping_status":"open","sticky":false,"template":"","format":"standard","meta":{"_lmt_disableupdate":"","_lmt_disable":"","_jetpack_memberships_contains_paid_content":false,"footnotes":""},"categories":[109,47],"tags":[2833],"class_list":["post-30450","post","type-post","status-publish","format-standard","has-post-thumbnail","hentry","category-minuto-a-minuto","category-zona-gris","tag-miguel-angel-gonzalez-de-la-paz"],"jetpack_featured_media_url":"https:\/\/zonaroja.com.mx\/wp-content\/uploads\/2021\/08\/Miguel-Angel-Gonzalez-de-la-Paz.jpg","jetpack_sharing_enabled":true,"_links":{"self":[{"href":"https:\/\/zonaroja.com.mx\/index.php?rest_route=\/wp\/v2\/posts\/30450","targetHints":{"allow":["GET"]}}],"collection":[{"href":"https:\/\/zonaroja.com.mx\/index.php?rest_route=\/wp\/v2\/posts"}],"about":[{"href":"https:\/\/zonaroja.com.mx\/index.php?rest_route=\/wp\/v2\/types\/post"}],"author":[{"embeddable":true,"href":"https:\/\/zonaroja.com.mx\/index.php?rest_route=\/wp\/v2\/users\/2"}],"replies":[{"embeddable":true,"href":"https:\/\/zonaroja.com.mx\/index.php?rest_route=%2Fwp%2Fv2%2Fcomments&post=30450"}],"version-history":[{"count":1,"href":"https:\/\/zonaroja.com.mx\/index.php?rest_route=\/wp\/v2\/posts\/30450\/revisions"}],"predecessor-version":[{"id":30452,"href":"https:\/\/zonaroja.com.mx\/index.php?rest_route=\/wp\/v2\/posts\/30450\/revisions\/30452"}],"wp:featuredmedia":[{"embeddable":true,"href":"https:\/\/zonaroja.com.mx\/index.php?rest_route=\/wp\/v2\/media\/30451"}],"wp:attachment":[{"href":"https:\/\/zonaroja.com.mx\/index.php?rest_route=%2Fwp%2Fv2%2Fmedia&parent=30450"}],"wp:term":[{"taxonomy":"category","embeddable":true,"href":"https:\/\/zonaroja.com.mx\/index.php?rest_route=%2Fwp%2Fv2%2Fcategories&post=30450"},{"taxonomy":"post_tag","embeddable":true,"href":"https:\/\/zonaroja.com.mx\/index.php?rest_route=%2Fwp%2Fv2%2Ftags&post=30450"}],"curies":[{"name":"wp","href":"https:\/\/api.w.org\/{rel}","templated":true}]}}