{"id":30456,"date":"2021-08-02T22:38:07","date_gmt":"2021-08-03T03:38:07","guid":{"rendered":"http:\/\/www.zonaroja.com.mx\/?p=30456"},"modified":"2021-08-02T22:38:13","modified_gmt":"2021-08-03T03:38:13","slug":"planean-ciclovia-de-24-4-km-para-la-zona-metropolitana-de-oaxaca","status":"publish","type":"post","link":"https:\/\/zonaroja.com.mx\/?p=30456","title":{"rendered":"Planean ciclov\u00eda de 24.4 km para la zona metropolitana de Oaxaca"},"content":{"rendered":"\n<p>Redacci\u00f3n\/Zona Roja.<\/p>\n\n\n\n<p>Oaxaca de Ju\u00e1rez, Oax., 2 de agosto de 2021.- La zona metropolitana de la ciudad de Oaxaca contar\u00e1 con una ciclov\u00eda denominada \u00abBici Ruta\u00bb, para brindar seguridad ciudadana a quienes realizan viajes en bicicleta en la capital y sus alrededores.<\/p>\n\n\n\n<p>El proyecto fue concretado en el segundo semestre de 2020 bajo la iniciativa de la Secretar\u00eda de Movilidad de Oaxaca (Semovi), con la asesor\u00eda t\u00e9cnica de la Secretar\u00eda de Desarrollo Agrario, Territorial y Urbano del gobierno federal (Sedatu), Bikencity y la Sociedad Alemana de Cooperaci\u00f3n Internacional, a trav\u00e9s de la GIZ.<\/p>\n\n\n\n<p>Dicha propuesta consta de 13.37 kil\u00f3metros de infraestructura ciclista, que se sumar\u00e1n a la rehabilitaci\u00f3n de 1.80 kil\u00f3metros de la ciclov\u00eda de la avenida Universidad y 9.26 kil\u00f3metros de ciclov\u00eda existente en la avenida Ferrocarril.<\/p>\n\n\n\n<p>La elaboraci\u00f3n del proyecto cont\u00f3 con mesas de trabajo con colectivos ciclistas, como el Colectivo Oaxaca por la Movilidad, quienes calificaron la obra como afortunada.<\/p>\n\n\n\n<p>Luis Alonso V\u00e1squez se\u00f1al\u00f3 que los gobiernos deben tener en la ciudad de Oaxaca una visi\u00f3n de metr\u00f3poli, pues ya no corresponde a lo que entendemos ciudad y la movilidad es un parteaguas.<\/p>\n\n\n\n<p>\u00abQueremos una ciudad moderna y justa\u00bb expuso Luis Alonso, quien lament\u00f3 los recientes decesos de ciclistas ocurridos tras ser atropellados en las calles.<\/p>\n\n\n\n<p>La infraestructura ciclista dota de seguridad, permite transportarse en un espacio consignado, \u00abse ha tenido la mala idea de que las calles s\u00f3lo son para veh\u00edculos automotor, pero las calles son para que nos movamos todos, esto implica, ciudadan\u00eda y ciclistas\u00bb.<\/p>\n\n\n\n<p>Indic\u00f3 que este tipo de proyectos tambi\u00e9n contribuye a la visibilizaci\u00f3n de la bicicleta como medio de transporte, no solamente como diversi\u00f3n o deporte.<\/p>\n\n\n\n<p>El representante del colectivo tambi\u00e9n se\u00f1al\u00f3 que actualmente el uso de la bicicleta aument\u00f3 significativamente&nbsp; pues muchas personas prefieren trasladarse en bici y no en transporte p\u00fablico, que por la pandemia, este se ha convertido en un espacio de riesgo de contagio de Covid-19.<\/p>\n\n\n\n<p>Por \u00faltimo, hizo un llamado a la ciudadan\u00eda, colectivos y asociaciones para sumarse y participar en este proyecto para ser vigilantes y brindar acompa\u00f1amiento durante su realizaci\u00f3n.<\/p>\n","protected":false},"excerpt":{"rendered":"<p>Redacci\u00f3n\/Zona Roja. Oaxaca de Ju\u00e1rez, Oax., 2 de agosto de 2021.- La zona metropolitana de&hellip;<\/p>\n","protected":false},"author":2,"featured_media":20370,"comment_status":"closed","ping_status":"open","sticky":false,"template":"","format":"standard","meta":{"_lmt_disableupdate":"","_lmt_disable":"","_jetpack_memberships_contains_paid_content":false,"footnotes":""},"categories":[109,52],"tags":[2484],"class_list":["post-30456","post","type-post","status-publish","format-standard","has-post-thumbnail","hentry","category-minuto-a-minuto","category-zona-verde","tag-secretaria-de-movilidad-semovi"],"jetpack_featured_media_url":"https:\/\/zonaroja.com.mx\/wp-content\/uploads\/2020\/11\/Ciclovias-Oaxaca.jpg","jetpack_sharing_enabled":true,"_links":{"self":[{"href":"https:\/\/zonaroja.com.mx\/index.php?rest_route=\/wp\/v2\/posts\/30456","targetHints":{"allow":["GET"]}}],"collection":[{"href":"https:\/\/zonaroja.com.mx\/index.php?rest_route=\/wp\/v2\/posts"}],"about":[{"href":"https:\/\/zonaroja.com.mx\/index.php?rest_route=\/wp\/v2\/types\/post"}],"author":[{"embeddable":true,"href":"https:\/\/zonaroja.com.mx\/index.php?rest_route=\/wp\/v2\/users\/2"}],"replies":[{"embeddable":true,"href":"https:\/\/zonaroja.com.mx\/index.php?rest_route=%2Fwp%2Fv2%2Fcomments&post=30456"}],"version-history":[{"count":1,"href":"https:\/\/zonaroja.com.mx\/index.php?rest_route=\/wp\/v2\/posts\/30456\/revisions"}],"predecessor-version":[{"id":30457,"href":"https:\/\/zonaroja.com.mx\/index.php?rest_route=\/wp\/v2\/posts\/30456\/revisions\/30457"}],"wp:featuredmedia":[{"embeddable":true,"href":"https:\/\/zonaroja.com.mx\/index.php?rest_route=\/wp\/v2\/media\/20370"}],"wp:attachment":[{"href":"https:\/\/zonaroja.com.mx\/index.php?rest_route=%2Fwp%2Fv2%2Fmedia&parent=30456"}],"wp:term":[{"taxonomy":"category","embeddable":true,"href":"https:\/\/zonaroja.com.mx\/index.php?rest_route=%2Fwp%2Fv2%2Fcategories&post=30456"},{"taxonomy":"post_tag","embeddable":true,"href":"https:\/\/zonaroja.com.mx\/index.php?rest_route=%2Fwp%2Fv2%2Ftags&post=30456"}],"curies":[{"name":"wp","href":"https:\/\/api.w.org\/{rel}","templated":true}]}}