{"id":30461,"date":"2021-08-03T07:41:42","date_gmt":"2021-08-03T12:41:42","guid":{"rendered":"http:\/\/www.zonaroja.com.mx\/?p=30461"},"modified":"2021-08-03T07:41:45","modified_gmt":"2021-08-03T12:41:45","slug":"suma-esfuerzos-poder-judicial-con-reconocidas-instituciones-academicas","status":"publish","type":"post","link":"https:\/\/zonaroja.com.mx\/?p=30461","title":{"rendered":"Suma esfuerzos Poder Judicial con reconocidas instituciones acad\u00e9micas"},"content":{"rendered":"\n<p>Redacci\u00f3n\/Zona Roja.<\/p>\n\n\n\n<p>Oaxaca de Ju\u00e1rez, Oax., 3 de agosto de 2021.- En una suma de esfuerzos y buenas pr\u00e1cticas, encaminadas a que las y los servidores p\u00fablicos del Poder Judicial del Estado de Oaxaca tengan acceso a procesos de capacitaci\u00f3n y profesionalizaci\u00f3n sobre las \u00faltimas reformas legales y temas de actualidad, que se traduzca a futuro en una mejor labor jurisdiccional, m\u00e1s humanizada y con una atenci\u00f3n digna, la instituci\u00f3n ha suscrito en los \u00faltimos dos a\u00f1os diferentes convenios de colaboraci\u00f3n acad\u00e9mica.<\/p>\n\n\n\n<p>En diferentes foros, el magistrado presidente ha enfatizado la prioridad de la instituci\u00f3n de coadyuvar firmemente en el prop\u00f3sito de humanizar la justicia, defender los derechos de las mujeres y ni\u00f1as y atender los problemas de discriminaci\u00f3n y desigualdad en el \u00e1mbito de sus atribuciones. Entre ellos, se encuentra el formalizado con la Universidad Aut\u00f3noma \u201cBenito Ju\u00e1rez\u201d de Oaxaca (UABJO) para continuar y fortalecer el trabajo de educaci\u00f3n a distancia; la realizaci\u00f3n de actividades conjuntas en el \u00e1rea de academia, investigaci\u00f3n y vinculaci\u00f3n; el desarrollo de programas de servicio social, ejecuci\u00f3n de proyectos conjuntos de capacitaci\u00f3n y asesoramiento, as\u00ed como la apertura para la profesionalizaci\u00f3n de las y los servidores del Poder Judicial.<\/p>\n\n\n\n<p>Por otra parte, con la Universidad Regional del Sureste (URSE) tuvo lugar la firma del Convenio Marco de Colaboraci\u00f3n en Materia Acad\u00e9mica, Servicio Social Profesional y Pr\u00e1cticas Profesionales, mediante el cual se promueve la capacitaci\u00f3n, la prestaci\u00f3n de servicios y pr\u00e1cticas profesionales del estudiantado de la Licenciatura en Derecho de la URSE, adem\u00e1s de conferencias, seminarios, coloquios, cursos y similares sobre temas relacionados con la ciencia jur\u00eddica<\/p>\n\n\n\n<p>En la prioridad de continuar con la formaci\u00f3n del personal que integra la instituci\u00f3n judicial y llevar a cabo actividades en relaci\u00f3n a temas como perspectiva de g\u00e9nero, feminismo, interculturalidad y pluralismo jur\u00eddico, con la Universidad Aut\u00f3noma Metropolitana (UAM) Unidad Xochimilco se establecieron sinergias para programas conjuntos de investigaci\u00f3n, formaci\u00f3n, servicio social, uso de informaci\u00f3n cient\u00edfica y t\u00e9cnica, as\u00ed como la organizaci\u00f3n de eventos de difusi\u00f3n en los campos cient\u00edfico, cultural y human\u00edstico.<\/p>\n\n\n\n<p>Con el Colegio Internacional de Abogados Especializados Asociaci\u00f3n Civil (CIDAE), el Poder Judicial del Estado formaliz\u00f3 un convenio que tiene el prop\u00f3sito de contribuir a la actualizaci\u00f3n y profesionalizaci\u00f3n de las y los servidores p\u00fablicos que conforman la estructura del Poder Judicial, a trav\u00e9s de un esquema de licenciaturas y posgrados; en tanto que con el Centro de Investigaciones y Estudios Superiores en Antropolog\u00eda Social (CIESAS), se llevan a cabo actividades de investigaci\u00f3n, docencia, publicaciones, difusi\u00f3n, fortalecimiento y respeto a los derechos humanos, particularmente, los derechos colectivos de los pueblos y comunidades ind\u00edgenas.<\/p>\n\n\n\n<p>Tambi\u00e9n, con el Poder Judicial de Nuevo Le\u00f3n, se firm\u00f3 recientemente el Convenio de Adhesi\u00f3n al Convenio Marco de Colaboraci\u00f3n de Mediaci\u00f3n a Distancia, en el cual participan diversos estados del pa\u00eds con el objetivo de incrementar y facilitar el acceso de la sociedad a la impartici\u00f3n de justicia a trav\u00e9s de los mecanismos alternativos para la soluci\u00f3n de conflictos.<\/p>\n\n\n\n<p>En lo que resta del presente a\u00f1o, existe el compromiso de continuar desarrollando y fortaleciendo las estrategias para cumplir con las obligaciones constitucionales derivadas del principio de igualdad y del derecho a la no discriminaci\u00f3n, con la finalidad de fortalecer la perspectiva de g\u00e9nero, en el \u00e1mbito jurisdiccional y administrativo.<\/p>\n","protected":false},"excerpt":{"rendered":"<p>Redacci\u00f3n\/Zona Roja. Oaxaca de Ju\u00e1rez, Oax., 3 de agosto de 2021.- En una suma de&hellip;<\/p>\n","protected":false},"author":2,"featured_media":30462,"comment_status":"closed","ping_status":"open","sticky":false,"template":"","format":"standard","meta":{"_lmt_disableupdate":"","_lmt_disable":"","_jetpack_memberships_contains_paid_content":false,"footnotes":""},"categories":[109,46],"tags":[223],"class_list":["post-30461","post","type-post","status-publish","format-standard","has-post-thumbnail","hentry","category-minuto-a-minuto","category-zona-blanca","tag-poder-judicial-de-oaxaca"],"jetpack_featured_media_url":"https:\/\/zonaroja.com.mx\/wp-content\/uploads\/2021\/08\/Sinergias-con-instituciones-academicas.jpg","jetpack_sharing_enabled":true,"_links":{"self":[{"href":"https:\/\/zonaroja.com.mx\/index.php?rest_route=\/wp\/v2\/posts\/30461","targetHints":{"allow":["GET"]}}],"collection":[{"href":"https:\/\/zonaroja.com.mx\/index.php?rest_route=\/wp\/v2\/posts"}],"about":[{"href":"https:\/\/zonaroja.com.mx\/index.php?rest_route=\/wp\/v2\/types\/post"}],"author":[{"embeddable":true,"href":"https:\/\/zonaroja.com.mx\/index.php?rest_route=\/wp\/v2\/users\/2"}],"replies":[{"embeddable":true,"href":"https:\/\/zonaroja.com.mx\/index.php?rest_route=%2Fwp%2Fv2%2Fcomments&post=30461"}],"version-history":[{"count":1,"href":"https:\/\/zonaroja.com.mx\/index.php?rest_route=\/wp\/v2\/posts\/30461\/revisions"}],"predecessor-version":[{"id":30463,"href":"https:\/\/zonaroja.com.mx\/index.php?rest_route=\/wp\/v2\/posts\/30461\/revisions\/30463"}],"wp:featuredmedia":[{"embeddable":true,"href":"https:\/\/zonaroja.com.mx\/index.php?rest_route=\/wp\/v2\/media\/30462"}],"wp:attachment":[{"href":"https:\/\/zonaroja.com.mx\/index.php?rest_route=%2Fwp%2Fv2%2Fmedia&parent=30461"}],"wp:term":[{"taxonomy":"category","embeddable":true,"href":"https:\/\/zonaroja.com.mx\/index.php?rest_route=%2Fwp%2Fv2%2Fcategories&post=30461"},{"taxonomy":"post_tag","embeddable":true,"href":"https:\/\/zonaroja.com.mx\/index.php?rest_route=%2Fwp%2Fv2%2Ftags&post=30461"}],"curies":[{"name":"wp","href":"https:\/\/api.w.org\/{rel}","templated":true}]}}