{"id":30466,"date":"2021-08-03T08:11:06","date_gmt":"2021-08-03T13:11:06","guid":{"rendered":"http:\/\/www.zonaroja.com.mx\/?p=30466"},"modified":"2021-08-03T08:11:09","modified_gmt":"2021-08-03T13:11:09","slug":"piden-a-gobierno-informar-sobre-destino-de-monumento-a-la-madre","status":"publish","type":"post","link":"https:\/\/zonaroja.com.mx\/?p=30466","title":{"rendered":"Piden a gobierno informar sobre destino de monumento a la Madre"},"content":{"rendered":"\n<p>Redacci\u00f3n\/Zona Roja.<\/p>\n\n\n\n<p>Oaxaca de Ju\u00e1rez, Oax., 3 de agosto de 2021.- Ante las crecientes quejas de ambientalistas por la probable privatizaci\u00f3n del sitio, el Congreso del Estado analiza un exhorto para exigir a los gobiernos estatal y municipal informen acerca del proyecto de intervenci\u00f3n en el monumento a la Madre.<\/p>\n\n\n\n<p>En las \u00faltimas semanas, grupos de la sociedad civil han efectuado trabajos de recuperaci\u00f3n y limpieza de dicho parque, ubicado en la zona poniente de la capital oaxaque\u00f1a, y han denunciado que se prev\u00e9 privatizar como estacionamiento para una obra adjunta, el Centro Cultural Oaxaca.<\/p>\n\n\n\n<p>Ante ello, el diputado local por Morena, C\u00e9sar Morales Ni\u00f1o, present\u00f3 un Punto de Acuerdo que propone exhortar al Gobernador del Estado, Alejandro Murat Hinojosa, y al presidente municipal de la ciudad de Oaxaca de Ju\u00e1rez, Oswaldo Garc\u00eda Jarqu\u00edn.<\/p>\n\n\n\n<p>Ello para que dentro del marco de sus facultades, transparenten y hagan p\u00fablica la situaci\u00f3n jur\u00eddica actual de la zona; asimismo para que expliquen a la ciudadan\u00eda si existe alg\u00fan proyecto a desarrollarse en ese lugar y en su caso si se tiene contemplado el derribo de \u00e1rboles.<\/p>\n\n\n\n<p>\u201cPresento este Punto que en observancia de los principios de m\u00e1xima publicidad, transparencia y rendici\u00f3n de cuentas, los titulares del gobierno estatal y municipal, hagan publica la informaci\u00f3n y que se termine con la incertidumbre y la especulaci\u00f3n\u201d, detall\u00f3.<\/p>\n\n\n\n<p>En la propuesta que present\u00f3 en la reciente sesi\u00f3n ordinaria, Morales Ni\u00f1o expuso que la instalaci\u00f3n del monumento a la madre fue pensada como un homenaje a la maternidad de las mujeres oaxaque\u00f1as.<\/p>\n\n\n\n<p>Mientras que el parque p\u00fablico que la alberga se dise\u00f1\u00f3 como un espacio de convivencia familiar, esparcimiento, y se programaban actividades culturales, deportivas y recreativas.<\/p>\n\n\n\n<p>Sin embargo, dichos espacios se encuentran en el abandono por parte de las autoridades, vandalizados con grafitis, no se le ha dado mantenimiento, conservaci\u00f3n, ya no se organizan ning\u00fan tipo de eventos en ese lugar y se ha convertido en un espacio para fomentar adicciones toxicas.<\/p>\n\n\n\n<p>\u201cQue exista claridad y certeza en cuanto al destino y uso que se le pretenda dar a la zona conocida como monumento a la Madre, y para que la ciudadan\u00eda est\u00e9 debidamente informada de las decisiones de las autoridades.<\/p>\n\n\n\n<p>\u201cEn su caso para que esa informaci\u00f3n sirva para canalizar y atender las peticiones, manifestaciones o las inconformidades sociales. Con transparencia, podemos prevenir conflictos sociales, podemos canalizar institucionalmente las peticiones ciudadanas, siempre con transparencia y con informaci\u00f3n a la ciudadan\u00eda\u201d, manifest\u00f3 el legislador.<\/p>\n","protected":false},"excerpt":{"rendered":"<p>Redacci\u00f3n\/Zona Roja. Oaxaca de Ju\u00e1rez, Oax., 3 de agosto de 2021.- Ante las crecientes quejas&hellip;<\/p>\n","protected":false},"author":2,"featured_media":30467,"comment_status":"closed","ping_status":"open","sticky":false,"template":"","format":"standard","meta":{"_lmt_disableupdate":"","_lmt_disable":"","_jetpack_memberships_contains_paid_content":false,"footnotes":""},"categories":[109,46],"tags":[612],"class_list":["post-30466","post","type-post","status-publish","format-standard","has-post-thumbnail","hentry","category-minuto-a-minuto","category-zona-blanca","tag-cesar-morales-nino"],"jetpack_featured_media_url":"https:\/\/zonaroja.com.mx\/wp-content\/uploads\/2021\/08\/Monumento-a-la-Madre-Oaxaca.jpg","jetpack_sharing_enabled":true,"_links":{"self":[{"href":"https:\/\/zonaroja.com.mx\/index.php?rest_route=\/wp\/v2\/posts\/30466","targetHints":{"allow":["GET"]}}],"collection":[{"href":"https:\/\/zonaroja.com.mx\/index.php?rest_route=\/wp\/v2\/posts"}],"about":[{"href":"https:\/\/zonaroja.com.mx\/index.php?rest_route=\/wp\/v2\/types\/post"}],"author":[{"embeddable":true,"href":"https:\/\/zonaroja.com.mx\/index.php?rest_route=\/wp\/v2\/users\/2"}],"replies":[{"embeddable":true,"href":"https:\/\/zonaroja.com.mx\/index.php?rest_route=%2Fwp%2Fv2%2Fcomments&post=30466"}],"version-history":[{"count":1,"href":"https:\/\/zonaroja.com.mx\/index.php?rest_route=\/wp\/v2\/posts\/30466\/revisions"}],"predecessor-version":[{"id":30468,"href":"https:\/\/zonaroja.com.mx\/index.php?rest_route=\/wp\/v2\/posts\/30466\/revisions\/30468"}],"wp:featuredmedia":[{"embeddable":true,"href":"https:\/\/zonaroja.com.mx\/index.php?rest_route=\/wp\/v2\/media\/30467"}],"wp:attachment":[{"href":"https:\/\/zonaroja.com.mx\/index.php?rest_route=%2Fwp%2Fv2%2Fmedia&parent=30466"}],"wp:term":[{"taxonomy":"category","embeddable":true,"href":"https:\/\/zonaroja.com.mx\/index.php?rest_route=%2Fwp%2Fv2%2Fcategories&post=30466"},{"taxonomy":"post_tag","embeddable":true,"href":"https:\/\/zonaroja.com.mx\/index.php?rest_route=%2Fwp%2Fv2%2Ftags&post=30466"}],"curies":[{"name":"wp","href":"https:\/\/api.w.org\/{rel}","templated":true}]}}