{"id":30469,"date":"2021-08-03T12:22:45","date_gmt":"2021-08-03T17:22:45","guid":{"rendered":"http:\/\/www.zonaroja.com.mx\/?p=30469"},"modified":"2021-08-03T21:37:19","modified_gmt":"2021-08-04T02:37:19","slug":"corazon-de-guaje-espacio-de-arte-y-literatura-de-oaxaca-para-el-mundo","status":"publish","type":"post","link":"https:\/\/zonaroja.com.mx\/?p=30469","title":{"rendered":"\u201cCoraz\u00f3n de guaje\u201d, espacio de arte y literatura de Oaxaca para el mundo"},"content":{"rendered":"\n<p>Evlin Arag\u00f3n\/Zona Roja.<\/p>\n\n\n\n<p>Oaxaca de Ju\u00e1rez, Oax., 3 de agosto de 2021.- \u201c\u2019Coraz\u00f3n de guaje\u2019 se concibe hace algunos a\u00f1os y en este momento es una realidad. Se concibe como un espacio interdisciplinario donde conocimientos y lenguajes diversos puedan relacionarse entre s\u00ed para encontrar nuevas expresiones y nuevos horizontes\u201d.&nbsp;<\/p>\n\n\n\n<p>Son las palabras de Paulina \u00c1vila, arquitecta e integrante del proyecto art\u00edstico y cultural, que recientemente abri\u00f3 sus puertas al p\u00fablico en general, con la firme intenci\u00f3n de propiciar y visibilizar el arte oaxaque\u00f1o, adem\u00e1s de generar el di\u00e1logo entre creadores de \u00e1mbitos y disciplinas diferentes.&nbsp;<\/p>\n\n\n\n<p>De acuerdo con lo expuesto, el proyecto cultural centra su inter\u00e9s en la producci\u00f3n y desarrollo de diversas t\u00e9cnicas como la pintura, la escultura, el dise\u00f1o, el arte textil, el video y el paisajismo, adem\u00e1s de la artesan\u00eda, la creaci\u00f3n esc\u00e9nica, la literatura y la producci\u00f3n editorial.<\/p>\n\n\n\n<p>En este mismo sentido, se trata de un lugar que conserva la arquitectura tradicional, con espacio amplios que incluyen a la naturaleza y que permite la presentaci\u00f3n de libros y revistas, as\u00ed como otros eventos que pudieran desarrollarse al aire libre como la danza contempor\u00e1nea.<\/p>\n\n\n\n<p>\u201cLo verdaderamente relevante de este proyecto es que aqu\u00ed pueden encontrar arte de artistas oaxaque\u00f1os de las ocho regiones del estado\u201d, dijo.&nbsp;<\/p>\n\n\n\n<figure class=\"wp-block-embed-twitter wp-block-embed is-type-rich is-provider-twitter\"><div class=\"wp-block-embed__wrapper\">\n<div class=\"twitter-tweet\"><blockquote class=\"twitter-tweet\" data-lang=\"es\"><p lang=\"es\" dir=\"ltr\"><a href=\"https:\/\/twitter.com\/hashtag\/OaxacaCultural?src=hash&amp;ref_src=twsrc%5Etfw\">#OaxacaCultural<\/a><br>b) El principal fundador y promotor de \u201cCoraz\u00f3n de guaje\u201d (<a href=\"https:\/\/twitter.com\/CorazonGuaje?ref_src=twsrc%5Etfw\">@CorazonGuaje<\/a>) es el artista pl\u00e1stico Luis Z\u00e1rate, quien detalla las exposiciones actuales que se pueden visitar, con las debidas medidas sanitarias. <a href=\"https:\/\/t.co\/7W68GFdiq5\">pic.twitter.com\/7W68GFdiq5<\/a><\/p>&mdash; Zona Roja Oaxaca (@Zona_Roja_Oax) <a href=\"https:\/\/twitter.com\/Zona_Roja_Oax\/status\/1422729465658896388?ref_src=twsrc%5Etfw\">4 de agosto de 2021<\/a><\/blockquote><\/div>\n<\/div><\/figure>\n\n\n\n<p>Paulina \u00c1vila dio a conocer que en los pr\u00f3ximos d\u00edas se llevar\u00e1 a cabo la presentaci\u00f3n de un libro titulado \u201cSavia, tinta, textura. Jardines con plantas nativas\u201d del maestro Luis Z\u00e1rate, principal promotor del espacio cultural de reciente creaci\u00f3n.&nbsp;<\/p>\n\n\n\n<p>Fue incluso, el reconocido pintor oaxaque\u00f1o quien destac\u00f3 la diversidad que distingue al proyecto, mismo que puede albergar obra con tem\u00e1tica del espacio urbano, la arquitectura, el paisajismo, la gr\u00e1fica, entre muchos m\u00e1s.&nbsp;<\/p>\n\n\n\n<p>Destac\u00f3 las recientes exposiciones que presenta Coraz\u00f3n de guaje y que incluye 39 obras de pintura, \u00f3leo sobre tela, cer\u00e1mica, artesan\u00eda, textiles intervenidos de Frida Casta\u00f1eda, Armando Guerrero, Didier L\u00f3pez Carpio, Yadi Montes, Remigio Mestas, Kunt Vargas, Jos\u00e9 Villalobos, y Garc\u00eda Agust\u00edn&nbsp;<\/p>\n\n\n\n<p>As\u00ed mismo, adelant\u00f3 que se vienen diversas presentaciones de libros, uno de ellos dirigido al p\u00fablico infantil, adem\u00e1s que montar\u00e1n una instalaci\u00f3n especial para el D\u00eda de Muertos, la cual ser\u00e1 muy importante para quienes encabezan el proyecto.&nbsp;<\/p>\n\n\n\n<p>Por su parte Rosa Aguilar, promotora y gestora cultural, asegur\u00f3 que se mantendr\u00e1n impulsando diversas actividades, siempre tomando en cuenta las medidas sanitarias, a la par que invit\u00f3 al p\u00fablico en general a seguir las redes sociales de Coraz\u00f3n de guaje en Twitter, Facebook e Instagram, o contactarlas al 951 6268276 y 9515641040. El inmueble est\u00e1 ubicado en la calle de Constituci\u00f3n 303, en pleno Centro Hist\u00f3rico, y se encuentra abierto de lunes a domingo de 12:00 a 20:00 horas. <\/p>\n","protected":false},"excerpt":{"rendered":"<p>Evlin Arag\u00f3n\/Zona Roja. Oaxaca de Ju\u00e1rez, Oax., 3 de agosto de 2021.- \u201c\u2019Coraz\u00f3n de guaje\u2019&hellip;<\/p>\n","protected":false},"author":2,"featured_media":30481,"comment_status":"closed","ping_status":"open","sticky":false,"template":"","format":"standard","meta":{"_lmt_disableupdate":"","_lmt_disable":"","_jetpack_memberships_contains_paid_content":false,"footnotes":""},"categories":[109,46],"tags":[2834],"class_list":["post-30469","post","type-post","status-publish","format-standard","has-post-thumbnail","hentry","category-minuto-a-minuto","category-zona-blanca","tag-corazon-de-guaje"],"jetpack_featured_media_url":"https:\/\/zonaroja.com.mx\/wp-content\/uploads\/2021\/08\/983a360d-f408-437c-9571-d1f8321f7308.jpg","jetpack_sharing_enabled":true,"_links":{"self":[{"href":"https:\/\/zonaroja.com.mx\/index.php?rest_route=\/wp\/v2\/posts\/30469","targetHints":{"allow":["GET"]}}],"collection":[{"href":"https:\/\/zonaroja.com.mx\/index.php?rest_route=\/wp\/v2\/posts"}],"about":[{"href":"https:\/\/zonaroja.com.mx\/index.php?rest_route=\/wp\/v2\/types\/post"}],"author":[{"embeddable":true,"href":"https:\/\/zonaroja.com.mx\/index.php?rest_route=\/wp\/v2\/users\/2"}],"replies":[{"embeddable":true,"href":"https:\/\/zonaroja.com.mx\/index.php?rest_route=%2Fwp%2Fv2%2Fcomments&post=30469"}],"version-history":[{"count":5,"href":"https:\/\/zonaroja.com.mx\/index.php?rest_route=\/wp\/v2\/posts\/30469\/revisions"}],"predecessor-version":[{"id":30501,"href":"https:\/\/zonaroja.com.mx\/index.php?rest_route=\/wp\/v2\/posts\/30469\/revisions\/30501"}],"wp:featuredmedia":[{"embeddable":true,"href":"https:\/\/zonaroja.com.mx\/index.php?rest_route=\/wp\/v2\/media\/30481"}],"wp:attachment":[{"href":"https:\/\/zonaroja.com.mx\/index.php?rest_route=%2Fwp%2Fv2%2Fmedia&parent=30469"}],"wp:term":[{"taxonomy":"category","embeddable":true,"href":"https:\/\/zonaroja.com.mx\/index.php?rest_route=%2Fwp%2Fv2%2Fcategories&post=30469"},{"taxonomy":"post_tag","embeddable":true,"href":"https:\/\/zonaroja.com.mx\/index.php?rest_route=%2Fwp%2Fv2%2Ftags&post=30469"}],"curies":[{"name":"wp","href":"https:\/\/api.w.org\/{rel}","templated":true}]}}