{"id":30484,"date":"2021-08-03T16:25:53","date_gmt":"2021-08-03T21:25:53","guid":{"rendered":"https:\/\/www.zonaroja.com.mx\/?p=30484"},"modified":"2021-08-03T17:55:50","modified_gmt":"2021-08-03T22:55:50","slug":"activistas-buscan-justicia-con-huelga-de-hambre-en-oaxaca","status":"publish","type":"post","link":"https:\/\/zonaroja.com.mx\/?p=30484","title":{"rendered":"Activistas buscan justicia con huelga de hambre en Oaxaca"},"content":{"rendered":"\n<p>Evlin Arag\u00f3n\/Zona Roja. <\/p>\n\n\n\n<p>Oaxaca de Ju\u00e1rez, Oax., 3 de agosto de 2021.- Al menos 15 activistas se declararon hoy en huelga de hambre, con la intenci\u00f3n de que las autoridades estatales atiendan diversas demandas pendientes, de manera particular aquellas que tienen que ver con la justicia para luchadores sociales v\u00edctimas de la represi\u00f3n. <\/p>\n\n\n\n<p>As\u00ed lo dio a conocer Santiago Ambrosio Hern\u00e1ndez, presidente del Comit\u00e9 de V\u00edctimas de Nochixtl\u00e1n, quien detall\u00f3 que en este caso hay grandes pendientes que impiden que las familias afectadas obtengan la reparaci\u00f3n del da\u00f1o que han estado impulsado desde hace cinco a\u00f1os. <\/p>\n\n\n\n<p>Por lo anterior, impulsan una mesa \u00fanica de justicia con los diferentes funcionarios de gobierno , incluyendo la presencia del gobernador Alejandro Murat Hinojosa, a fin de que explique porque no avanza la procuraci\u00f3n de justicia en casos que competen a las organizaciones sociales. <\/p>\n\n\n\n<p>De manera particular, Macario Otalo Padilla, dirigente del Frente Popular Revolucionario (FPR), asegur\u00f3 que desde marzo pasado con  la llegada de Arturo Peimbert Calvo a la Fiscal\u00eda de Oaxaca no han obtenido informaci\u00f3n sobre los avances del asesinato de Tom\u00e1s Mart\u00ednez Pinacho ni de otros l\u00edderes sociales asesinados. <\/p>\n\n\n\n<figure class=\"wp-block-embed-twitter wp-block-embed is-type-rich is-provider-twitter\"><div class=\"wp-block-embed__wrapper\">\n<div class=\"twitter-tweet\"><blockquote class=\"twitter-tweet\" data-lang=\"es\"><p lang=\"es\" dir=\"ltr\">2. Son varios los pendientes en materia de procuraci\u00f3n de justicia, se\u00f1ala el dirigente del <a href=\"https:\/\/twitter.com\/FPR_Mx?ref_src=twsrc%5Etfw\">@FPR_Mx<\/a>, Macario Otalo Padilla, por lo cual iniciaron este d\u00eda una huelga de hambre en la capital de <a href=\"https:\/\/twitter.com\/hashtag\/Oaxaca?src=hash&amp;ref_src=twsrc%5Etfw\">#Oaxaca<\/a> y preparan caravana a la Ciudad de M\u00e9xico. <a href=\"https:\/\/t.co\/lnRGkeJSr2\">pic.twitter.com\/lnRGkeJSr2<\/a><\/p>&mdash; Zona Roja Oaxaca (@Zona_Roja_Oax) <a href=\"https:\/\/twitter.com\/Zona_Roja_Oax\/status\/1422629929611530240?ref_src=twsrc%5Etfw\">3 de agosto de 2021<\/a><\/blockquote><\/div>\n<\/div><\/figure>\n\n\n\n<p>Mientras que en el caso de Huazantl\u00e1n del R\u00edo, de las 170 \u00f3rdenes de aprehensi\u00f3n qu\u00e9 hay por la masacre suscitada hace m\u00e1s de un a\u00f1o, ninguna se ha ejecutado, situaci\u00f3n que habla de la deficiencia en la dependencia encargada de la procuraci\u00f3n de justicia. <\/p>\n\n\n\n<p>\u201cHay complicidad de la Fiscal\u00eda, de las autoridades, de funcionarios y necesitamos que informen que est\u00e1 pasando en este y los dem\u00e1s casos\u201d, dijo Otalo Padilla. <\/p>\n\n\n\n<p>Dentro de los pendiente tambi\u00e9n se encuentra  el conflicto existente en la zona triqui y los asesinatos de integrantes del Movimiento de Unificaci\u00f3n y Lucha Triqui (MULT), ello sin nombrar a las decenas de personas desaparecidas de las cuales sus familiares no saben nada de su paradero. <\/p>\n\n\n\n<p>Finalmente, en conjunto anunciaron que el pr\u00f3ximo 9 de agosto realizar\u00e1n una marcha caravana que partir\u00e1 de Oaxaca y llegar\u00e1 el 11 del mes a la Ciudad de M\u00e9xico, teniendo como primer parada el municipio de Nochixtl\u00e1n en donde se incluiran m\u00e1s participantes, as\u00ed como en Tamazul\u00e1pam, Huajuapan de Le\u00f3n, Tehuac\u00e1n. <\/p>\n\n\n\n<p>As\u00ed mismo, el 24 de agosto llevar\u00e1n a cabo una acci\u00f3n global por justicia para Tom\u00e1s Mart\u00ednez, dirigente del FPR asesinado en \u00c1nimas Trujano.<\/p>\n\n\n\n<p> Entre los participantes en la huelga se encuentran pobladores de San Mateo del Mar y de San Lucas Camotl\u00e1n, integrantes del Comit\u00e9 de V\u00edctima del 19 de Junio, familiares de desaparecidos, as\u00ed como integrantes de organizaciones sociales afines a la lucha social como el Frente Popular Revolucionario, Uni\u00f3n de Artesanos y Comerciantes Oaxaque\u00f1os en Lucha, Movimiento de Unificaci\u00f3n y Lucha Triqui, Bloque Comunitario, y el Frente Amplio de Lucha Popular.<\/p>\n","protected":false},"excerpt":{"rendered":"<p>Evlin Arag\u00f3n\/Zona Roja. Oaxaca de Ju\u00e1rez, Oax., 3 de agosto de 2021.- Al menos 15&hellip;<\/p>\n","protected":false},"author":2,"featured_media":30483,"comment_status":"closed","ping_status":"open","sticky":false,"template":"","format":"standard","meta":{"_lmt_disableupdate":"","_lmt_disable":"","_jetpack_memberships_contains_paid_content":false,"footnotes":""},"categories":[109,47],"tags":[],"class_list":["post-30484","post","type-post","status-publish","format-standard","has-post-thumbnail","hentry","category-minuto-a-minuto","category-zona-gris"],"jetpack_featured_media_url":"https:\/\/zonaroja.com.mx\/wp-content\/uploads\/2021\/08\/b3f0025e-d446-4fa3-a128-953e8615bc09.jpg","jetpack_sharing_enabled":true,"_links":{"self":[{"href":"https:\/\/zonaroja.com.mx\/index.php?rest_route=\/wp\/v2\/posts\/30484","targetHints":{"allow":["GET"]}}],"collection":[{"href":"https:\/\/zonaroja.com.mx\/index.php?rest_route=\/wp\/v2\/posts"}],"about":[{"href":"https:\/\/zonaroja.com.mx\/index.php?rest_route=\/wp\/v2\/types\/post"}],"author":[{"embeddable":true,"href":"https:\/\/zonaroja.com.mx\/index.php?rest_route=\/wp\/v2\/users\/2"}],"replies":[{"embeddable":true,"href":"https:\/\/zonaroja.com.mx\/index.php?rest_route=%2Fwp%2Fv2%2Fcomments&post=30484"}],"version-history":[{"count":2,"href":"https:\/\/zonaroja.com.mx\/index.php?rest_route=\/wp\/v2\/posts\/30484\/revisions"}],"predecessor-version":[{"id":30487,"href":"https:\/\/zonaroja.com.mx\/index.php?rest_route=\/wp\/v2\/posts\/30484\/revisions\/30487"}],"wp:featuredmedia":[{"embeddable":true,"href":"https:\/\/zonaroja.com.mx\/index.php?rest_route=\/wp\/v2\/media\/30483"}],"wp:attachment":[{"href":"https:\/\/zonaroja.com.mx\/index.php?rest_route=%2Fwp%2Fv2%2Fmedia&parent=30484"}],"wp:term":[{"taxonomy":"category","embeddable":true,"href":"https:\/\/zonaroja.com.mx\/index.php?rest_route=%2Fwp%2Fv2%2Fcategories&post=30484"},{"taxonomy":"post_tag","embeddable":true,"href":"https:\/\/zonaroja.com.mx\/index.php?rest_route=%2Fwp%2Fv2%2Ftags&post=30484"}],"curies":[{"name":"wp","href":"https:\/\/api.w.org\/{rel}","templated":true}]}}