{"id":3049,"date":"2019-08-13T08:20:49","date_gmt":"2019-08-13T13:20:49","guid":{"rendered":"http:\/\/www.zonaroja.com.mx\/?p=3049"},"modified":"2019-08-13T08:20:52","modified_gmt":"2019-08-13T13:20:52","slug":"ya-habia-intentado-suicidarse-tras-matar-a-su-esposa-e-hija-ayer-lo-logro","status":"publish","type":"post","link":"https:\/\/zonaroja.com.mx\/?p=3049","title":{"rendered":"Ya hab\u00eda intentado suicidarse tras matar a su esposa e hija; ayer lo logr\u00f3"},"content":{"rendered":"\n<p>Ismael\nGarc\u00eda\/Zona Roja.<\/p>\n\n\n\n<p>Oaxaca\nde Ju\u00e1rez, Oax., 13 de agosto de 2019.- \u201cSoy Eusebio Ramos Mart\u00ednez el que\ncometi\u00f3 los asesinatos en la ciudad de Oaxaca calle Camino Nacional 135 int. A,\nSan Sebasti\u00e1n Tutla.<\/p>\n\n\n\n<p>\u201cNo tengo contactos de mi familia por eso escribo barias (sic) notas para que puedan localisarme (\u2026) si mi familia lo decea me pueden ensinerar\u201d (sic)\u201d.<\/p>\n\n\n\n<figure class=\"wp-block-image\"><img decoding=\"async\" width=\"720\" height=\"607\" src=\"http:\/\/www.zonaroja.com.mx\/wp-content\/uploads\/2019\/08\/PHOTO-2019-08-13-07-50-03.jpg\" alt=\"\" class=\"wp-image-3050\" srcset=\"https:\/\/zonaroja.com.mx\/wp-content\/uploads\/2019\/08\/PHOTO-2019-08-13-07-50-03.jpg 720w, https:\/\/zonaroja.com.mx\/wp-content\/uploads\/2019\/08\/PHOTO-2019-08-13-07-50-03-300x253.jpg 300w, https:\/\/zonaroja.com.mx\/wp-content\/uploads\/2019\/08\/PHOTO-2019-08-13-07-50-03-585x493.jpg 585w\" sizes=\"(max-width: 720px) 100vw, 720px\" \/><\/figure>\n\n\n\n<p>Ese\ny otros recados escribi\u00f3 Eusebio tras haber asesinado con sa\u00f1a a su esposa Arely\nS. J. y a la hija de \u00e9sta, Jazm\u00edn S. J., de 12 a\u00f1os, un 2 de mayo de este a\u00f1o,\nen su domicilio ubicado en San Sebasti\u00e1n Tutla, conurbado a la capital del\nestado.<\/p>\n\n\n\n<p>Eusebio\nno soport\u00f3 el trauma y el cargo de conciencia del doble homicidio. Desde el\nmismo momento en que cometi\u00f3 los cr\u00edmenes, escribi\u00f3 la carta, se la guard\u00f3 en\nla bolsa y huy\u00f3 a otras entidades y a la regi\u00f3n del Istmo de Tehuantepec.<\/p>\n\n\n\n<p>Pero\nno pod\u00eda con los demonios de su culpa. Un 18 de mayo decidi\u00f3 suicidarse. Se\ntir\u00f3 bajo las ruedas de un tr\u00e1iler en la carretera Tehuantepec-Salina Cruz,\npero no lo logr\u00f3.<\/p>\n\n\n\n<p>Fue\nllevado a un hospital y ah\u00ed identificaron su rostro, le encontraron la carta y\nle aplicaron la orden de aprehensi\u00f3n por parte de la Fiscal\u00eda General del\nEstado. Se le inici\u00f3 el proceso, fue trasladado al reclusorio ubicado en Santa\nMar\u00eda Ixcotel. <\/p>\n\n\n\n<p>Ah\u00ed\nse dio tiempo de escribir otras cartas, que no pudo enviar. Ped\u00eda perd\u00f3n.<\/p>\n\n\n\n<p>Pero\nayer por la ma\u00f1ana finalmente logr\u00f3 quitarse la vida en su celda. Otras\nversiones se\u00f1alan que habr\u00eda sido asesinado, por la sa\u00f1a con que mat\u00f3 a su\nfamilia, que incluy\u00f3 abuso sexual.<\/p>\n\n\n\n<p>La\nFiscal\u00eda General y el Poder Judicial no pudieron terminar el proceso que se\nllevaba bajo el proceso 338\/2019 no pudo ser concluido. La justicia se la\naplic\u00f3 el mismo Eusebio.<\/p>\n","protected":false},"excerpt":{"rendered":"<p>Ismael Garc\u00eda\/Zona Roja. Oaxaca de Ju\u00e1rez, Oax., 13 de agosto de 2019.- \u201cSoy Eusebio Ramos&hellip;<\/p>\n","protected":false},"author":2,"featured_media":3051,"comment_status":"closed","ping_status":"open","sticky":false,"template":"","format":"standard","meta":{"_lmt_disableupdate":"","_lmt_disable":"","_jetpack_memberships_contains_paid_content":false,"footnotes":""},"categories":[109,51],"tags":[544],"class_list":["post-3049","post","type-post","status-publish","format-standard","has-post-thumbnail","hentry","category-minuto-a-minuto","category-zona-roja","tag-se-suicida-doble-homicida"],"jetpack_featured_media_url":"https:\/\/zonaroja.com.mx\/wp-content\/uploads\/2019\/08\/IMG_7904.jpg","jetpack_sharing_enabled":true,"_links":{"self":[{"href":"https:\/\/zonaroja.com.mx\/index.php?rest_route=\/wp\/v2\/posts\/3049","targetHints":{"allow":["GET"]}}],"collection":[{"href":"https:\/\/zonaroja.com.mx\/index.php?rest_route=\/wp\/v2\/posts"}],"about":[{"href":"https:\/\/zonaroja.com.mx\/index.php?rest_route=\/wp\/v2\/types\/post"}],"author":[{"embeddable":true,"href":"https:\/\/zonaroja.com.mx\/index.php?rest_route=\/wp\/v2\/users\/2"}],"replies":[{"embeddable":true,"href":"https:\/\/zonaroja.com.mx\/index.php?rest_route=%2Fwp%2Fv2%2Fcomments&post=3049"}],"version-history":[{"count":1,"href":"https:\/\/zonaroja.com.mx\/index.php?rest_route=\/wp\/v2\/posts\/3049\/revisions"}],"predecessor-version":[{"id":3052,"href":"https:\/\/zonaroja.com.mx\/index.php?rest_route=\/wp\/v2\/posts\/3049\/revisions\/3052"}],"wp:featuredmedia":[{"embeddable":true,"href":"https:\/\/zonaroja.com.mx\/index.php?rest_route=\/wp\/v2\/media\/3051"}],"wp:attachment":[{"href":"https:\/\/zonaroja.com.mx\/index.php?rest_route=%2Fwp%2Fv2%2Fmedia&parent=3049"}],"wp:term":[{"taxonomy":"category","embeddable":true,"href":"https:\/\/zonaroja.com.mx\/index.php?rest_route=%2Fwp%2Fv2%2Fcategories&post=3049"},{"taxonomy":"post_tag","embeddable":true,"href":"https:\/\/zonaroja.com.mx\/index.php?rest_route=%2Fwp%2Fv2%2Ftags&post=3049"}],"curies":[{"name":"wp","href":"https:\/\/api.w.org\/{rel}","templated":true}]}}