{"id":30502,"date":"2021-08-03T22:36:24","date_gmt":"2021-08-04T03:36:24","guid":{"rendered":"http:\/\/www.zonaroja.com.mx\/?p=30502"},"modified":"2021-08-03T22:36:27","modified_gmt":"2021-08-04T03:36:27","slug":"impide-edil-de-oaxaca-de-juarez-a-periodistas-ingresar-al-centro-historico","status":"publish","type":"post","link":"https:\/\/zonaroja.com.mx\/?p=30502","title":{"rendered":"Impide edil de Oaxaca de Ju\u00e1rez a periodistas ingresar al Centro Hist\u00f3rico"},"content":{"rendered":"\n<p>Ismael Garc\u00eda M.\/Zona Roja.<\/p>\n\n\n\n<p>Oaxaca de Ju\u00e1rez, Oax., 3 de agosto de 2021.- Polic\u00edas del ayuntamiento de Oaxaca de Ju\u00e1rez negaron por en\u00e9sima ocasi\u00f3n el ingreso de periodistas al primer cuadro de la capital, presuntamente para que no tomen evidencias del rodaje de una pel\u00edcula, que continuar\u00e1 ahora en la zona.<\/p>\n\n\n\n<p>Este martes, a los fotorreporteros Iv\u00e1n Castellanos, del diario \u201cTiempo de Oaxaca\u201d, y Luis Cruz, de \u201cEl Imparcial\u201d \u2013ambos adem\u00e1s colaboradores de la agencia fotogr\u00e1fica \u201cEstaci\u00f3n Foto\u201d, les fue impedido se les prohibi\u00f3 ingresar a la Alameda de Le\u00f3n.<\/p>\n\n\n\n<p>Los polic\u00edas que resguardaban la zona les dijeron que por \u00f3rdenes superiores (del director de Seguridad, Marcos Freddy Hern\u00e1ndez, y el edil Oswaldo Garc\u00eda Jarqu\u00edn) no podr\u00edan ingresar, pues no est\u00e1 permitido el paso a fot\u00f3grafos y periodistas en general.<\/p>\n\n\n\n<p>Luego de que los uniformados hicieran unas llamadas, finalmente permitieron el paso; no obstante, los comunicadores se quejaron v\u00eda redes sociales y pidieron la intervenci\u00f3n de la Defensor\u00eda de los Derechos Humanos del Pueblo de Oaxaca.<\/p>\n\n\n\n<figure class=\"wp-block-embed-twitter wp-block-embed is-type-rich is-provider-twitter\"><div class=\"wp-block-embed__wrapper\">\n<div class=\"twitter-tweet\"><blockquote class=\"twitter-tweet\" data-lang=\"es\"><p lang=\"es\" dir=\"ltr\">Polic\u00eda municipal de la ciudad de Oaxaca, por \u00f3rdenes del presidente municipal <a href=\"https:\/\/twitter.com\/oswaldogarciaj?ref_src=twsrc%5Etfw\">@oswaldogarciaj<\/a> impiden el acceso a medios de comunicaci\u00f3n al centro de la ciudad violentando el derecho al libre tr\u00e1nsito y la libertad de expresi\u00f3n <a href=\"https:\/\/t.co\/ZZFFRQTnpX\">pic.twitter.com\/ZZFFRQTnpX<\/a><\/p>&mdash; Iv\u00e1n Castellanos (@ivanpress) <a href=\"https:\/\/twitter.com\/ivanpress\/status\/1422650950838280194?ref_src=twsrc%5Etfw\">3 de agosto de 2021<\/a><\/blockquote><\/div>\n<\/div><\/figure>\n\n\n\n<p>\u201cPolic\u00eda municipal de la ciudad de Oaxaca, por \u00f3rdenes del presidente municipal Oswaldo Garc\u00eda Jarqu\u00edn, impiden el acceso a medios de comunicaci\u00f3n al centro de la ciudad, violentando el derecho de libre tr\u00e1nsito y la libertad de expresi\u00f3n\u201d, tuite\u00f3 Iv\u00e1n Castellanos.<\/p>\n\n\n\n<p>Estos no son los \u00fanicos casos, pues con d\u00edas atr\u00e1s tambi\u00e9n han impedido grabar im\u00e1genes al camar\u00f3grafo de Televisa Oaxaca, Omar P\u00e9rez; Alfonso Gayt\u00e1n y Alfredo Ju\u00e1rez, son otros a quienes se ha impedido el acceso.<\/p>\n\n\n\n<p>Desde el pasado 15 de julio que el ayuntamiento decidi\u00f3 retirar a todos los ambulantes del centro de la ciudad de Oaxaca, se especul\u00f3 que ser\u00eda para la grabaci\u00f3n de una pel\u00edcula y no por el reordenamiento del comercio.<\/p>\n\n\n\n<p>Una semana despu\u00e9s la autoridad municipal neg\u00f3 mediante un bolet\u00edn tal hecho; no obstante, la semana pasada, inici\u00f3 una filmaci\u00f3n en la Casa de la Cultura Oaxaque\u00f1a, a seis cuadras del z\u00f3calo.<\/p>\n\n\n\n<p>El rodaje se ha extendido a la plazuela Cruz de Piedra y los arcos de Xochimilco y se prev\u00e9 que en los pr\u00f3ximos d\u00edas se extienda a la Alameda y el z\u00f3calo.<\/p>\n\n\n\n<p>A trav\u00e9s de un comunicado de prensa, el ayuntamiento neg\u00f3 que est\u00e9 impidiendo la labor de los periodistas; no obstante, los propios afectados han evidenciado la prohibici\u00f3n.<\/p>\n","protected":false},"excerpt":{"rendered":"<p>Ismael Garc\u00eda M.\/Zona Roja. Oaxaca de Ju\u00e1rez, Oax., 3 de agosto de 2021.- Polic\u00edas del&hellip;<\/p>\n","protected":false},"author":2,"featured_media":30503,"comment_status":"closed","ping_status":"open","sticky":false,"template":"","format":"standard","meta":{"_lmt_disableupdate":"","_lmt_disable":"","_jetpack_memberships_contains_paid_content":false,"footnotes":""},"categories":[109,47],"tags":[148],"class_list":["post-30502","post","type-post","status-publish","format-standard","has-post-thumbnail","hentry","category-minuto-a-minuto","category-zona-gris","tag-oaxaca-de-juarez"],"jetpack_featured_media_url":"https:\/\/zonaroja.com.mx\/wp-content\/uploads\/2021\/08\/Policias-municipales-ciudad-de-Oaxaca.jpg","jetpack_sharing_enabled":true,"_links":{"self":[{"href":"https:\/\/zonaroja.com.mx\/index.php?rest_route=\/wp\/v2\/posts\/30502","targetHints":{"allow":["GET"]}}],"collection":[{"href":"https:\/\/zonaroja.com.mx\/index.php?rest_route=\/wp\/v2\/posts"}],"about":[{"href":"https:\/\/zonaroja.com.mx\/index.php?rest_route=\/wp\/v2\/types\/post"}],"author":[{"embeddable":true,"href":"https:\/\/zonaroja.com.mx\/index.php?rest_route=\/wp\/v2\/users\/2"}],"replies":[{"embeddable":true,"href":"https:\/\/zonaroja.com.mx\/index.php?rest_route=%2Fwp%2Fv2%2Fcomments&post=30502"}],"version-history":[{"count":1,"href":"https:\/\/zonaroja.com.mx\/index.php?rest_route=\/wp\/v2\/posts\/30502\/revisions"}],"predecessor-version":[{"id":30504,"href":"https:\/\/zonaroja.com.mx\/index.php?rest_route=\/wp\/v2\/posts\/30502\/revisions\/30504"}],"wp:featuredmedia":[{"embeddable":true,"href":"https:\/\/zonaroja.com.mx\/index.php?rest_route=\/wp\/v2\/media\/30503"}],"wp:attachment":[{"href":"https:\/\/zonaroja.com.mx\/index.php?rest_route=%2Fwp%2Fv2%2Fmedia&parent=30502"}],"wp:term":[{"taxonomy":"category","embeddable":true,"href":"https:\/\/zonaroja.com.mx\/index.php?rest_route=%2Fwp%2Fv2%2Fcategories&post=30502"},{"taxonomy":"post_tag","embeddable":true,"href":"https:\/\/zonaroja.com.mx\/index.php?rest_route=%2Fwp%2Fv2%2Ftags&post=30502"}],"curies":[{"name":"wp","href":"https:\/\/api.w.org\/{rel}","templated":true}]}}