{"id":30505,"date":"2021-08-03T22:38:35","date_gmt":"2021-08-04T03:38:35","guid":{"rendered":"http:\/\/www.zonaroja.com.mx\/?p=30505"},"modified":"2021-08-03T22:38:39","modified_gmt":"2021-08-04T03:38:39","slug":"asesinan-a-hijo-de-fotoperiodista-en-xoxocotlan-oaxaca","status":"publish","type":"post","link":"https:\/\/zonaroja.com.mx\/?p=30505","title":{"rendered":"Asesinan a hijo de fotoperiodista en Xoxocotl\u00e1n, Oaxaca"},"content":{"rendered":"\n<p>Ismael Garc\u00eda M.\/Zona Roja.<\/p>\n\n\n\n<p>Oaxaca de Ju\u00e1rez, Oax., 3 de agosto de 2021.- Sujetos desconocidos asesinaron esta noche al joven Alberto Reyes P\u00e9rez, hijo del fotoperiodista oaxaque\u00f1o F\u00e9lix Reyes.<\/p>\n\n\n\n<p>Los hechos sucedieron alrededor de las 21:50 horas en la calle Morelos de la colonia Insurgentes de Santa Cruz Xoxocotl\u00e1n, municipio conurbado a la capital de Oaxaca.<\/p>\n\n\n\n<p>El hombre de aproximadamente 26 a\u00f1os de edad, proced\u00eda de realizar trabajos de mantenimiento a una unidad de motor, cuando fue atacado a pu\u00f1aladas por individuos, hasta ahora por motivos desconocidos.<\/p>\n\n\n\n<p>Presenta lesiones a la altura de la costilla izquierda; param\u00e9dicos arribaron al lugar para brindarle los primeros auxilios, pero corroboraron que ya hab\u00eda perdido la vida.<\/p>\n\n\n\n<p>Personal de la Fiscal\u00eda General del Estado de Oaxaca se encuentra en este momento para realizar las primeras indagatorias.<\/p>\n\n\n\n<figure class=\"wp-block-embed-twitter wp-block-embed is-type-rich is-provider-twitter\"><div class=\"wp-block-embed__wrapper\">\n<div class=\"twitter-tweet\"><blockquote class=\"twitter-tweet\" data-lang=\"es\"><p lang=\"es\" dir=\"ltr\"><a href=\"https:\/\/twitter.com\/hashtag\/%C3%9AltimoMinuto?src=hash&amp;ref_src=twsrc%5Etfw\">#\u00daltimoMinuto<\/a> <br>Una persona identificada como Alberto Reyes P\u00e9rez, de 26 a\u00f1os de edad, fue asesinada la noche de este martes en la colonia Insurgentes de Santa Cruz <a href=\"https:\/\/twitter.com\/hashtag\/Xoxocotl%C3%A1n?src=hash&amp;ref_src=twsrc%5Etfw\">#Xoxocotl\u00e1n<\/a>, <a href=\"https:\/\/twitter.com\/hashtag\/Oaxaca?src=hash&amp;ref_src=twsrc%5Etfw\">#Oaxaca<\/a>. <br>De manera preliminar informan que es hijo del fotoperiodista F\u00e9lix Reyes. <a href=\"https:\/\/t.co\/rpNbGzfSPW\">pic.twitter.com\/rpNbGzfSPW<\/a><\/p>&mdash; Zona Roja Oaxaca (@Zona_Roja_Oax) <a href=\"https:\/\/twitter.com\/Zona_Roja_Oax\/status\/1422760155888893952?ref_src=twsrc%5Etfw\">4 de agosto de 2021<\/a><\/blockquote><\/div>\n<\/div><\/figure>\n","protected":false},"excerpt":{"rendered":"<p>Ismael Garc\u00eda M.\/Zona Roja. Oaxaca de Ju\u00e1rez, Oax., 3 de agosto de 2021.- Sujetos desconocidos&hellip;<\/p>\n","protected":false},"author":2,"featured_media":30506,"comment_status":"closed","ping_status":"open","sticky":false,"template":"","format":"standard","meta":{"_lmt_disableupdate":"","_lmt_disable":"","_jetpack_memberships_contains_paid_content":false,"footnotes":""},"categories":[109,47],"tags":[133],"class_list":["post-30505","post","type-post","status-publish","format-standard","has-post-thumbnail","hentry","category-minuto-a-minuto","category-zona-gris","tag-santa-cruz-xoxocotlan"],"jetpack_featured_media_url":"https:\/\/zonaroja.com.mx\/wp-content\/uploads\/2021\/08\/ASesinado-Santa-Cruz-Xoxocotlan.jpg","jetpack_sharing_enabled":true,"_links":{"self":[{"href":"https:\/\/zonaroja.com.mx\/index.php?rest_route=\/wp\/v2\/posts\/30505","targetHints":{"allow":["GET"]}}],"collection":[{"href":"https:\/\/zonaroja.com.mx\/index.php?rest_route=\/wp\/v2\/posts"}],"about":[{"href":"https:\/\/zonaroja.com.mx\/index.php?rest_route=\/wp\/v2\/types\/post"}],"author":[{"embeddable":true,"href":"https:\/\/zonaroja.com.mx\/index.php?rest_route=\/wp\/v2\/users\/2"}],"replies":[{"embeddable":true,"href":"https:\/\/zonaroja.com.mx\/index.php?rest_route=%2Fwp%2Fv2%2Fcomments&post=30505"}],"version-history":[{"count":1,"href":"https:\/\/zonaroja.com.mx\/index.php?rest_route=\/wp\/v2\/posts\/30505\/revisions"}],"predecessor-version":[{"id":30507,"href":"https:\/\/zonaroja.com.mx\/index.php?rest_route=\/wp\/v2\/posts\/30505\/revisions\/30507"}],"wp:featuredmedia":[{"embeddable":true,"href":"https:\/\/zonaroja.com.mx\/index.php?rest_route=\/wp\/v2\/media\/30506"}],"wp:attachment":[{"href":"https:\/\/zonaroja.com.mx\/index.php?rest_route=%2Fwp%2Fv2%2Fmedia&parent=30505"}],"wp:term":[{"taxonomy":"category","embeddable":true,"href":"https:\/\/zonaroja.com.mx\/index.php?rest_route=%2Fwp%2Fv2%2Fcategories&post=30505"},{"taxonomy":"post_tag","embeddable":true,"href":"https:\/\/zonaroja.com.mx\/index.php?rest_route=%2Fwp%2Fv2%2Ftags&post=30505"}],"curies":[{"name":"wp","href":"https:\/\/api.w.org\/{rel}","templated":true}]}}