{"id":30519,"date":"2021-08-04T08:10:08","date_gmt":"2021-08-04T13:10:08","guid":{"rendered":"http:\/\/www.zonaroja.com.mx\/?p=30519"},"modified":"2021-08-04T08:10:11","modified_gmt":"2021-08-04T13:10:11","slug":"se-extiende-paro-de-gaseros-en-mexico-llegaria-a-oaxaca","status":"publish","type":"post","link":"https:\/\/zonaroja.com.mx\/?p=30519","title":{"rendered":"Se extiende paro de gaseros en M\u00e9xico; llegar\u00eda a Oaxaca"},"content":{"rendered":"\n<p>Redacci\u00f3n\/Zona Roja Cdmx.<\/p>\n\n\n\n<p>Ciudad de M\u00e9xico, 4 de agosto de 2021.- Tras la determinaci\u00f3n de la Comisi\u00f3n Reguladora de Energ\u00eda (CRE) de recortar precios del gas LP, al menos en seis estados del pa\u00eds inici\u00f3 un paro de empresas gaseras.<\/p>\n\n\n\n<p>La inconformidad podr\u00eda extenderse en otras entidades, entre ellas Oaxaca, debido a que los afectados consideran que es una medida arbitraria por parte del organismo federal del gobierno del Presidente Andr\u00e9s Manuel L\u00f3pez Obrador.<\/p>\n\n\n\n<p>Ayer, en la Ciudad de M\u00e9xico, el Estado de M\u00e9xico, Veracruz, Tlaxcala, Hidalgo y Puebla, inici\u00f3 un paro de labores, mientras que unos 400 permisionarios preparan una demanda colectiva para invalidar las tarifas.<\/p>\n\n\n\n<p>De acuerdo con el Gremio Nacional de Gaseros, la protesta podr\u00eda prolongarse por tiempo indefinido, ante la falta de respuesta por parte del gobierno federal.<\/p>\n\n\n\n<p>De acuerdo con informaci\u00f3n de \u201cEl Heraldo de M\u00e9xico\u201d, en la Ciudad de M\u00e9xico y Edomex, 45 por ciento de los usuarios de gas LP se van a ver afectados por falta de suministro ante esta suspensi\u00f3n de labores.<\/p>\n\n\n\n<p>La reducci\u00f3n de precios dej\u00f3 fuera de circulaci\u00f3n a cerca de ocho mil pipas, pone en riesgo de quiebra a 60 por ciento de los distribuidores, y ya dej\u00f3 sin trabajo a 16 mil empleados.<\/p>\n\n\n\n<p>Se estiman p\u00e9rdidas econ\u00f3micas de hasta 54 mil 750 millones de pesos al a\u00f1o para los empresarios y el recorte de los precios pone en riesgo la permanencia de 54 por ciento de tres mil permisionarios que hay en el pa\u00eds, para la venta de gas LP.<\/p>\n","protected":false},"excerpt":{"rendered":"<p>Redacci\u00f3n\/Zona Roja Cdmx. Ciudad de M\u00e9xico, 4 de agosto de 2021.- Tras la determinaci\u00f3n de&hellip;<\/p>\n","protected":false},"author":2,"featured_media":30520,"comment_status":"closed","ping_status":"open","sticky":false,"template":"","format":"standard","meta":{"_lmt_disableupdate":"","_lmt_disable":"","_jetpack_memberships_contains_paid_content":false,"footnotes":""},"categories":[109,47],"tags":[],"class_list":["post-30519","post","type-post","status-publish","format-standard","has-post-thumbnail","hentry","category-minuto-a-minuto","category-zona-gris"],"jetpack_featured_media_url":"https:\/\/zonaroja.com.mx\/wp-content\/uploads\/2021\/08\/Cilindros-de-gas-lp.jpg","jetpack_sharing_enabled":true,"_links":{"self":[{"href":"https:\/\/zonaroja.com.mx\/index.php?rest_route=\/wp\/v2\/posts\/30519","targetHints":{"allow":["GET"]}}],"collection":[{"href":"https:\/\/zonaroja.com.mx\/index.php?rest_route=\/wp\/v2\/posts"}],"about":[{"href":"https:\/\/zonaroja.com.mx\/index.php?rest_route=\/wp\/v2\/types\/post"}],"author":[{"embeddable":true,"href":"https:\/\/zonaroja.com.mx\/index.php?rest_route=\/wp\/v2\/users\/2"}],"replies":[{"embeddable":true,"href":"https:\/\/zonaroja.com.mx\/index.php?rest_route=%2Fwp%2Fv2%2Fcomments&post=30519"}],"version-history":[{"count":1,"href":"https:\/\/zonaroja.com.mx\/index.php?rest_route=\/wp\/v2\/posts\/30519\/revisions"}],"predecessor-version":[{"id":30521,"href":"https:\/\/zonaroja.com.mx\/index.php?rest_route=\/wp\/v2\/posts\/30519\/revisions\/30521"}],"wp:featuredmedia":[{"embeddable":true,"href":"https:\/\/zonaroja.com.mx\/index.php?rest_route=\/wp\/v2\/media\/30520"}],"wp:attachment":[{"href":"https:\/\/zonaroja.com.mx\/index.php?rest_route=%2Fwp%2Fv2%2Fmedia&parent=30519"}],"wp:term":[{"taxonomy":"category","embeddable":true,"href":"https:\/\/zonaroja.com.mx\/index.php?rest_route=%2Fwp%2Fv2%2Fcategories&post=30519"},{"taxonomy":"post_tag","embeddable":true,"href":"https:\/\/zonaroja.com.mx\/index.php?rest_route=%2Fwp%2Fv2%2Ftags&post=30519"}],"curies":[{"name":"wp","href":"https:\/\/api.w.org\/{rel}","templated":true}]}}