{"id":30524,"date":"2021-08-04T10:25:48","date_gmt":"2021-08-04T15:25:48","guid":{"rendered":"http:\/\/www.zonaroja.com.mx\/?p=30524"},"modified":"2021-08-04T10:25:52","modified_gmt":"2021-08-04T15:25:52","slug":"confirman-muerte-de-menor-por-ataque-de-puma-en-oaxaca","status":"publish","type":"post","link":"https:\/\/zonaroja.com.mx\/?p=30524","title":{"rendered":"Confirman muerte de menor por ataque de puma en Oaxaca"},"content":{"rendered":"\n<p>Redacci\u00f3n\/Zona Roja. Foto: Ilustraci\u00f3n<\/p>\n\n\n\n<p>Oaxaca de Ju\u00e1rez, Oax., 4 de agosto de 2021.- Un menor de edad perdi\u00f3 la vida a causa de ataques de un felino, presumiblemente un puma, en la comunidad de Guuadalupe, agencia de San Francisco Chapulapa, en la regi\u00f3n Ca\u00f1ada de Oaxaca.<\/p>\n\n\n\n<p>Fuentes de la Fiscal\u00eda General del Estado de Oaxaca confirmaron que se dio inicio a una Carpeta de Investigaci\u00f3n con n\u00famero 25373\/FNSC\/Cuicatl\u00e1n\/2021 por los hechos ocurridos el pasado domingo 1 de agosto.<\/p>\n\n\n\n<p>De acuerdo con medios informativos de la regi\u00f3n, un animal salvaje atac\u00f3 a Gabriel T., de 12 a\u00f1os de edad, cuando acudi\u00f3 al campo a un terreno de sembrad\u00edo, ubicado en el paraje \u201cAgua de Cerro\u201d.<\/p>\n\n\n\n<p>El agente municipal Pedro Trovamala dio parte a la Agencia Estatal de Investigaciones, de la Fiscal\u00eda General, con la finalidad de indagar los hechos.<\/p>\n\n\n\n<p>El menor de edad muri\u00f3 a causa de hemorragia aguda por laceraci\u00f3n de \u00f3rgansos abdominales, por ataque de un felino salvaje.<\/p>\n\n\n\n<p>MUERE POR EXPLOSI\u00d3N<\/p>\n\n\n\n<p>Por otra parte, ayer por la tarde se suscit\u00f3 una explosi\u00f3n en un polvor\u00edn ubicado a las afueras de la comunidad de Santo Tom\u00e1s Mazaltepec, del distrito de Etla.<\/p>\n\n\n\n<p>El hombre, identificado como Ad\u00e1n Olivera Pinacho, fue trasladado de emergencia a un hospital de la ciudad de Oaxaca, donde la madrugada de hoy se confirm\u00f3 su deceso.<\/p>\n","protected":false},"excerpt":{"rendered":"<p>Redacci\u00f3n\/Zona Roja. Foto: Ilustraci\u00f3n Oaxaca de Ju\u00e1rez, Oax., 4 de agosto de 2021.- Un menor&hellip;<\/p>\n","protected":false},"author":2,"featured_media":30525,"comment_status":"closed","ping_status":"open","sticky":false,"template":"","format":"standard","meta":{"_lmt_disableupdate":"","_lmt_disable":"","_jetpack_memberships_contains_paid_content":false,"footnotes":""},"categories":[109,51],"tags":[2835],"class_list":["post-30524","post","type-post","status-publish","format-standard","has-post-thumbnail","hentry","category-minuto-a-minuto","category-zona-roja","tag-san-francisco-chapulapa"],"jetpack_featured_media_url":"https:\/\/zonaroja.com.mx\/wp-content\/uploads\/2021\/08\/Puma.jpg","jetpack_sharing_enabled":true,"_links":{"self":[{"href":"https:\/\/zonaroja.com.mx\/index.php?rest_route=\/wp\/v2\/posts\/30524","targetHints":{"allow":["GET"]}}],"collection":[{"href":"https:\/\/zonaroja.com.mx\/index.php?rest_route=\/wp\/v2\/posts"}],"about":[{"href":"https:\/\/zonaroja.com.mx\/index.php?rest_route=\/wp\/v2\/types\/post"}],"author":[{"embeddable":true,"href":"https:\/\/zonaroja.com.mx\/index.php?rest_route=\/wp\/v2\/users\/2"}],"replies":[{"embeddable":true,"href":"https:\/\/zonaroja.com.mx\/index.php?rest_route=%2Fwp%2Fv2%2Fcomments&post=30524"}],"version-history":[{"count":1,"href":"https:\/\/zonaroja.com.mx\/index.php?rest_route=\/wp\/v2\/posts\/30524\/revisions"}],"predecessor-version":[{"id":30526,"href":"https:\/\/zonaroja.com.mx\/index.php?rest_route=\/wp\/v2\/posts\/30524\/revisions\/30526"}],"wp:featuredmedia":[{"embeddable":true,"href":"https:\/\/zonaroja.com.mx\/index.php?rest_route=\/wp\/v2\/media\/30525"}],"wp:attachment":[{"href":"https:\/\/zonaroja.com.mx\/index.php?rest_route=%2Fwp%2Fv2%2Fmedia&parent=30524"}],"wp:term":[{"taxonomy":"category","embeddable":true,"href":"https:\/\/zonaroja.com.mx\/index.php?rest_route=%2Fwp%2Fv2%2Fcategories&post=30524"},{"taxonomy":"post_tag","embeddable":true,"href":"https:\/\/zonaroja.com.mx\/index.php?rest_route=%2Fwp%2Fv2%2Ftags&post=30524"}],"curies":[{"name":"wp","href":"https:\/\/api.w.org\/{rel}","templated":true}]}}