{"id":30527,"date":"2021-08-04T10:50:44","date_gmt":"2021-08-04T15:50:44","guid":{"rendered":"http:\/\/www.zonaroja.com.mx\/?p=30527"},"modified":"2021-08-04T10:50:47","modified_gmt":"2021-08-04T15:50:47","slug":"acusan-abuso-de-autoridad-y-trafico-de-influencias-en-la-fiscalia-de-oaxaca","status":"publish","type":"post","link":"https:\/\/zonaroja.com.mx\/?p=30527","title":{"rendered":"Acusan abuso de autoridad y tr\u00e1fico de influencias en la Fiscal\u00eda de Oaxaca"},"content":{"rendered":"\n<p>Evlin Arag\u00f3n\/Zona Roja.<\/p>\n\n\n\n<p>Oaxaca de Ju\u00e1rez, Oax., 4 de agosto de 2021.- Personal de la Fiscal\u00eda General del Estado denunci\u00f3 el nepotismo, abuso de autoridad y tr\u00e1fico de influencias con que se desempe\u00f1a Gregorio Mendoza, visitador general de la misma, y quien se dice protegido por la m\u00e1xima autoridad de la instituci\u00f3n.&nbsp;<\/p>\n\n\n\n<p>Mediante un escrito, que difundieron a trav\u00e9s de las redes sociales, los denunciantes explicaron que se trata de la segunda denuncia que realizan al respecto, solicitando de manera respetuosa al fiscal general, Arturo Peimbert Calvo, la destituci\u00f3n del funcionario debido a una serie de irregularidades en su actuar como servidor p\u00fablico.&nbsp;<\/p>\n\n\n\n<p>\u201cEl mes pasado se le hizo un llamado apelando a su rectitud y congruencia, para que existiera orden y una limpieza general de corruptos y tr\u00e1fico de influencias, as\u00ed como venta de expedientes y cobro de favores dentro de la fiscal\u00eda por el visitador general\u201d, refirieron.<\/p>\n\n\n\n<p>En el documento explican que, Gregorio Mendoza ha empleado a su hija al interior de la dependencia ubic\u00e1ndola como jefa de departamento; as\u00ed mismo hace mal uso de los vi\u00e1ticos y veh\u00edculos asignados al \u00e1rea, los cuales utiliza como moneda de cambio al interior de la dependencia y para fines personales.<\/p>\n\n\n\n<p>Adem\u00e1s, lo acusan de tener una relaci\u00f3n sentimental con una trabajadora del \u00e1rea, con quien presuntamente sostiene relaciones sexuales al interior de la dependencia y a quien adem\u00e1s favorece con los recursos humanos y financieros de car\u00e1cter p\u00fablico, ello en contubernio con un var\u00f3n que identificaron como Samuel, quien aseguran se desempe\u00f1a como cajero general de la Fiscal\u00eda.&nbsp;<\/p>\n\n\n\n<p>De igual forma manifestaron que es el visitador quien decide a qui\u00e9n correr de la dependencia, de ah\u00ed que no han hecho la denuncia formal por miedo a represalias de alg\u00fan tipo, toda vez que el funcionario asegura mantener muy buena relaci\u00f3n con el fiscal, quien incluso le firma sin ning\u00fan miramiento las resoluciones emitidas.&nbsp;<\/p>\n\n\n\n<p>\u201cMucho ojo con lo que usted le firma a este visitador, pues basta con una simple auditor\u00eda que usted le hiciera y se podr\u00e1 dar cuenta del nepotismo, abuso de autoridad y tr\u00e1fico de influencias que est\u00e1 haciendo uso Gregorio Mendoza\u201d, exponen.<\/p>\n\n\n\n<p>Por lo anterior reiteraron su solicitud al fiscal de tomar cartas en el asunto y poner a disposici\u00f3n a dicho personaje a quien acusan de prepotente, de abusar de su poder y \u201cbilletear\u201d al personal para conseguir lo que quiere, adem\u00e1s de atemorizarlos con un posible despido.<\/p>\n\n\n\n<p>\u201cPor humanidad fiscal general, le pedimos tome cartas en este asunto. En esta fiscal\u00eda est\u00e1n personas que no debe usted de tener. Haga un cambio con personas de su verdadera confianza por favor, no deje que personas manches su plumaje con enga\u00f1os\u201d, manifestaron.&nbsp;<\/p>\n\n\n\n<p>Finalmente, indicaron que en caso de que la m\u00e1xima autoridad al interior de la Fiscal\u00eda no tome en cuenta la denuncia, la har\u00e1n de conocimiento del presidente de la Rep\u00fablica, Andr\u00e9s Manuel L\u00f3pez Obrador, quien se ha distinguido por su combate a la corrupci\u00f3n.<\/p>\n\n\n\n<p>Pese a que se trata del segundo llamado, aun no existe una contestaci\u00f3n por parte de la Fiscal\u00eda, que este martes anunci\u00f3 con bombo y platillo una l\u00ednea telef\u00f3nica directa a la oficina del Fiscal, Arturo Peimbert, para recibir llamadas de denuncia que lastime la paz social.<\/p>\n","protected":false},"excerpt":{"rendered":"<p>Evlin Arag\u00f3n\/Zona Roja. Oaxaca de Ju\u00e1rez, Oax., 4 de agosto de 2021.- Personal de la&hellip;<\/p>\n","protected":false},"author":2,"featured_media":2018,"comment_status":"closed","ping_status":"open","sticky":false,"template":"","format":"standard","meta":{"_lmt_disableupdate":"","_lmt_disable":"","_jetpack_memberships_contains_paid_content":false,"footnotes":""},"categories":[109,47],"tags":[494],"class_list":["post-30527","post","type-post","status-publish","format-standard","has-post-thumbnail","hentry","category-minuto-a-minuto","category-zona-gris","tag-fiscalia-general-del-estado-de-oaxaca"],"jetpack_featured_media_url":"https:\/\/zonaroja.com.mx\/wp-content\/uploads\/2019\/07\/IMG_5415.jpg","jetpack_sharing_enabled":true,"_links":{"self":[{"href":"https:\/\/zonaroja.com.mx\/index.php?rest_route=\/wp\/v2\/posts\/30527","targetHints":{"allow":["GET"]}}],"collection":[{"href":"https:\/\/zonaroja.com.mx\/index.php?rest_route=\/wp\/v2\/posts"}],"about":[{"href":"https:\/\/zonaroja.com.mx\/index.php?rest_route=\/wp\/v2\/types\/post"}],"author":[{"embeddable":true,"href":"https:\/\/zonaroja.com.mx\/index.php?rest_route=\/wp\/v2\/users\/2"}],"replies":[{"embeddable":true,"href":"https:\/\/zonaroja.com.mx\/index.php?rest_route=%2Fwp%2Fv2%2Fcomments&post=30527"}],"version-history":[{"count":1,"href":"https:\/\/zonaroja.com.mx\/index.php?rest_route=\/wp\/v2\/posts\/30527\/revisions"}],"predecessor-version":[{"id":30528,"href":"https:\/\/zonaroja.com.mx\/index.php?rest_route=\/wp\/v2\/posts\/30527\/revisions\/30528"}],"wp:featuredmedia":[{"embeddable":true,"href":"https:\/\/zonaroja.com.mx\/index.php?rest_route=\/wp\/v2\/media\/2018"}],"wp:attachment":[{"href":"https:\/\/zonaroja.com.mx\/index.php?rest_route=%2Fwp%2Fv2%2Fmedia&parent=30527"}],"wp:term":[{"taxonomy":"category","embeddable":true,"href":"https:\/\/zonaroja.com.mx\/index.php?rest_route=%2Fwp%2Fv2%2Fcategories&post=30527"},{"taxonomy":"post_tag","embeddable":true,"href":"https:\/\/zonaroja.com.mx\/index.php?rest_route=%2Fwp%2Fv2%2Ftags&post=30527"}],"curies":[{"name":"wp","href":"https:\/\/api.w.org\/{rel}","templated":true}]}}