{"id":3053,"date":"2019-08-13T08:38:37","date_gmt":"2019-08-13T13:38:37","guid":{"rendered":"http:\/\/www.zonaroja.com.mx\/?p=3053"},"modified":"2019-08-13T08:38:39","modified_gmt":"2019-08-13T13:38:39","slug":"resurgen-conflictos-en-la-costa-juquila-yaitepec-colotepec-mixtepec","status":"publish","type":"post","link":"https:\/\/zonaroja.com.mx\/?p=3053","title":{"rendered":"Resurgen conflictos en la Costa, Juquila-Yaitepec; Colotepec-Mixtepec"},"content":{"rendered":"\n<p>Redacci\u00f3n\/Zona\nRoja.<\/p>\n\n\n\n<p>Oaxaca\nde Ju\u00e1rez, Oax., 13 de agosto de 2019.- Dos conflictos agrarios resurgieron\neste lunes en la regi\u00f3n de la Costa oaxaque\u00f1a, en uno de ellos un grupo armado\ny encapuchados, cerr\u00f3 una carretera.<\/p>\n\n\n\n<p>Pobladores\nde Santiago Yaitepec bloquearon el acceso a Santa Catarina Juquila, con quien\nmantienen una a\u00f1eja disputa que gener\u00f3 retenci\u00f3n de dos mandos policiacos este\na\u00f1o. Por la tarde se apoderaron del sitio religioso \u201cEl Pedimento\u201d.<\/p>\n\n\n\n<p>La\nautoridad comunal de Juquila, a trav\u00e9s de su presidente Ignacio Serrano Cruz,\ndenunci\u00f3 que la acci\u00f3n de Yaitepec fue bajo el pretexto de realizar un tequio\nde limpieza en la carretera.<\/p>\n\n\n\n<p>Pero\n\u201cun grupo de ciudadanos con armas de alto poder invadieron arbitrariamente y de\nmanera violenta la parcela comunal lugar donde se ubica el centro ceremonial\ndenominado \u2018El Pedimento\u2019 de Juquila, posesion\u00e1ndose de las instalaciones y\nedificios de servicios p\u00fablicos. <\/p>\n\n\n\n<p>\u201cAnte\nesta agresi\u00f3n el Comisariado de Bienes Comunales de Santa Catarina Juquila\nquien por acuerdo de Asamblea de Comuneros administra dicha parcela comunal,\nexige la intervenci\u00f3n inmediata de las instancias correspondientes de Gobierno\ndel Estado y Fiscal\u00eda General del Estado\u201d.<\/p>\n\n\n\n<p>No\nobstante, hasta la ma\u00f1ana de hoy no hab\u00eda ninguna respuesta a dicha petici\u00f3n;\nambos pueblos hab\u00edan firmado un acuerdo de paz con el gobernador Alejandro\nMurat tras el conflicto de febrero pasado, mismo que fue roto ayer.<\/p>\n\n\n\n<p>Mientras\ntanto, personas desconocidas de San Pedro Mixtepec retiraron y da\u00f1aron algunas\nmojoneras que dividen a ese municipio con Santa Mar\u00eda Colotepec.<\/p>\n\n\n\n<p>En\nrespuesta, pobladores de este municipio se apoderaron de maquinaria y pararon\nlas obras de la supercarretera Oaxaca-Costa, para presionar una intervenci\u00f3n\ndel Gobierno del Estado.<\/p>\n\n\n\n<p>La\nacci\u00f3n fue encabezada por el presidente municipal, Valent\u00edn Hern\u00e1ndez D\u00edaz, y\nel Comisariado de Bienes Comunales, Eugenio Castellanos Jim\u00e9nez; m\u00e1s tarde\nfueron atendidos por las autoridades v\u00eda telef\u00f3nica pero ser\u00e1 en los pr\u00f3ximos\nd\u00edas en que haya una reuni\u00f3n de trabajo.<\/p>\n","protected":false},"excerpt":{"rendered":"<p>Redacci\u00f3n\/Zona Roja. Oaxaca de Ju\u00e1rez, Oax., 13 de agosto de 2019.- Dos conflictos agrarios resurgieron&hellip;<\/p>\n","protected":false},"author":2,"featured_media":3054,"comment_status":"closed","ping_status":"open","sticky":false,"template":"","format":"standard","meta":{"_lmt_disableupdate":"","_lmt_disable":"","_jetpack_memberships_contains_paid_content":false,"footnotes":""},"categories":[109,47],"tags":[546],"class_list":["post-3053","post","type-post","status-publish","format-standard","has-post-thumbnail","hentry","category-minuto-a-minuto","category-zona-gris","tag-santiago-yaitepec"],"jetpack_featured_media_url":"https:\/\/zonaroja.com.mx\/wp-content\/uploads\/2019\/08\/IMG_7812.jpg","jetpack_sharing_enabled":true,"_links":{"self":[{"href":"https:\/\/zonaroja.com.mx\/index.php?rest_route=\/wp\/v2\/posts\/3053","targetHints":{"allow":["GET"]}}],"collection":[{"href":"https:\/\/zonaroja.com.mx\/index.php?rest_route=\/wp\/v2\/posts"}],"about":[{"href":"https:\/\/zonaroja.com.mx\/index.php?rest_route=\/wp\/v2\/types\/post"}],"author":[{"embeddable":true,"href":"https:\/\/zonaroja.com.mx\/index.php?rest_route=\/wp\/v2\/users\/2"}],"replies":[{"embeddable":true,"href":"https:\/\/zonaroja.com.mx\/index.php?rest_route=%2Fwp%2Fv2%2Fcomments&post=3053"}],"version-history":[{"count":1,"href":"https:\/\/zonaroja.com.mx\/index.php?rest_route=\/wp\/v2\/posts\/3053\/revisions"}],"predecessor-version":[{"id":3055,"href":"https:\/\/zonaroja.com.mx\/index.php?rest_route=\/wp\/v2\/posts\/3053\/revisions\/3055"}],"wp:featuredmedia":[{"embeddable":true,"href":"https:\/\/zonaroja.com.mx\/index.php?rest_route=\/wp\/v2\/media\/3054"}],"wp:attachment":[{"href":"https:\/\/zonaroja.com.mx\/index.php?rest_route=%2Fwp%2Fv2%2Fmedia&parent=3053"}],"wp:term":[{"taxonomy":"category","embeddable":true,"href":"https:\/\/zonaroja.com.mx\/index.php?rest_route=%2Fwp%2Fv2%2Fcategories&post=3053"},{"taxonomy":"post_tag","embeddable":true,"href":"https:\/\/zonaroja.com.mx\/index.php?rest_route=%2Fwp%2Fv2%2Ftags&post=3053"}],"curies":[{"name":"wp","href":"https:\/\/api.w.org\/{rel}","templated":true}]}}