{"id":30532,"date":"2021-08-04T20:08:20","date_gmt":"2021-08-05T01:08:20","guid":{"rendered":"http:\/\/www.zonaroja.com.mx\/?p=30532"},"modified":"2021-08-04T20:08:24","modified_gmt":"2021-08-05T01:08:24","slug":"en-san-marcial-ozolotepec-fue-envenado-jaguar-no-en-san-mateo-pinas","status":"publish","type":"post","link":"https:\/\/zonaroja.com.mx\/?p=30532","title":{"rendered":"En San Marcial Ozolotepec fue envenado jaguar, no en San Mateo Pi\u00f1as"},"content":{"rendered":"\n<p>Evlin Arag\u00f3n\/Zona Roja.<\/p>\n\n\n\n<p>Oaxaca de Ju\u00e1rez, Oax., 4 de agosto de 2021.- Autoridades del municipio de San Mateo Pi\u00f1as, perteneciente a la regi\u00f3n de la Costa de Oaxaca, negaron que un jaguar haya sido envenenado en inmediaciones de la localidad y aseguraron que la poblaci\u00f3n respeta las \u00e1reas naturales ubicadas en la zona y a las especies que en ellas habitan.&nbsp;<\/p>\n\n\n\n<p>As\u00ed lo inform\u00f3 el s\u00edndico municipal, Alejo Ram\u00edrez Santos, quien tambi\u00e9n neg\u00f3 que exista una persona detenida por tales hechos, como se refiri\u00f3 en algunos medios de comunicaci\u00f3n.<\/p>\n\n\n\n<p>De acuerdo con el edil Tom\u00e1s Victorio Garc\u00eda Garc\u00eda, los hechos se registraron en el municipio vecino de San Marcial Ozolotepec, informaci\u00f3n que hicieron llegar a la Secretar\u00eda de Medio Ambiente y Recursos Naturales (Semarnat), para evitar confusiones al respecto.&nbsp;<\/p>\n\n\n\n<p>Sabedores de la responsabilidad que tienen de salvaguardar la flora y fauna de su demarcaci\u00f3n, negaron ser responsables de los hechos y desmintieron las publicaciones que se han realizado en algunos medios de comunicaci\u00f3n, luego que se difundiera la imagen del animal muerto a causa de envenenamiento.&nbsp;<\/p>\n\n\n\n<p>Alejo Ram\u00edrez indic\u00f3 que, en lo que va del a\u00f1o, han recibido por lo menos seis reportes de animales muertos a consecuencia de ataques de felinos, sin embargo, a\u00fan con la intervenci\u00f3n de las autoridades no han podido identificar qu\u00e9 tipo de especie cohabita con la poblaci\u00f3n.<\/p>\n\n\n\n<figure class=\"wp-block-embed-twitter wp-block-embed is-type-rich is-provider-twitter\"><div class=\"wp-block-embed__wrapper\">\n<div class=\"twitter-tweet\"><blockquote class=\"twitter-tweet\" data-lang=\"es\"><p lang=\"es\" dir=\"ltr\"><a href=\"https:\/\/twitter.com\/hashtag\/ENVIVO?src=hash&amp;ref_src=twsrc%5Etfw\">#ENVIVO<\/a><br>Oaxaca de Ju\u00e1rez, Oax., a 4 de agosto de 2021. Conferencia de prensa de autoridades de San Mateo Pi\u00f1as, respecto a la muerte de un jaguar.<br>Precisan que fue en San Marcial Ozolotepec. <br>Aqu\u00ed la transmisi\u00f3n:<br>\ud83d\udc47<a href=\"https:\/\/t.co\/5Ko3ADNAkF\">https:\/\/t.co\/5Ko3ADNAkF<\/a><\/p>&mdash; Zona Roja Oaxaca (@Zona_Roja_Oax) <a href=\"https:\/\/twitter.com\/Zona_Roja_Oax\/status\/1423042776799670276?ref_src=twsrc%5Etfw\">4 de agosto de 2021<\/a><\/blockquote><\/div>\n<\/div><\/figure>\n\n\n\n<p>Pese a lo anterior, han pedido a la poblaci\u00f3n no matar a los felinos ya que se trata de especies en peligro de extinci\u00f3n y, por el contrario, piden actuar de manera preventiva evitando recorrer las zonas alejadas por la noche.&nbsp;<\/p>\n\n\n\n<p>De igual forma, han solicitado la intervenci\u00f3n de las autoridades federales a fin de instalar una reserva ecol\u00f3gica en inmediaciones de Cerro Le\u00f3n, donde han recibido los reportes de ataques, que permita tanto el cuidado de la especie como de la poblaci\u00f3n.&nbsp;<\/p>\n\n\n\n<p>Explicaron que, de manera particular, la autoridad municipal se ha dado a la tarea de instalar c\u00e1maras para poder identificar la presencia de felinos que puedan ser protegidos por las autoridades, sin que hasta el momento confirmen con im\u00e1genes la presencia de alg\u00fan tipo de ejemplar.&nbsp;&nbsp;<\/p>\n\n\n\n<p>Finalmente, manifestaron que la poblaci\u00f3n est\u00e1 a favor de la preservaci\u00f3n de las especies en la localidad, en donde no se practica la cacer\u00eda como deporte y tampoco se tiene el registro de pobladores que busquen organizarse en b\u00fasqueda de los felinos.&nbsp; Fue apenas este martes que una imagen del cuerpo de un jaguar muerto, aparentemente envenenado, fue difundida en las redes sociales, asegurando que los hechos se suscitaron en el municipio de San Mateo Pi\u00f1as, lo cual fue negado esta tarde por la autoridad municipal.<\/p>\n","protected":false},"excerpt":{"rendered":"<p>Evlin Arag\u00f3n\/Zona Roja. Oaxaca de Ju\u00e1rez, Oax., 4 de agosto de 2021.- Autoridades del municipio&hellip;<\/p>\n","protected":false},"author":2,"featured_media":30533,"comment_status":"closed","ping_status":"open","sticky":false,"template":"","format":"standard","meta":{"_lmt_disableupdate":"","_lmt_disable":"","_jetpack_memberships_contains_paid_content":false,"footnotes":""},"categories":[109,46],"tags":[2832],"class_list":["post-30532","post","type-post","status-publish","format-standard","has-post-thumbnail","hentry","category-minuto-a-minuto","category-zona-blanca","tag-san-mateo-pinas"],"jetpack_featured_media_url":"https:\/\/zonaroja.com.mx\/wp-content\/uploads\/2021\/08\/Autoridades-San-Mateo-Pinas.jpg","jetpack_sharing_enabled":true,"_links":{"self":[{"href":"https:\/\/zonaroja.com.mx\/index.php?rest_route=\/wp\/v2\/posts\/30532","targetHints":{"allow":["GET"]}}],"collection":[{"href":"https:\/\/zonaroja.com.mx\/index.php?rest_route=\/wp\/v2\/posts"}],"about":[{"href":"https:\/\/zonaroja.com.mx\/index.php?rest_route=\/wp\/v2\/types\/post"}],"author":[{"embeddable":true,"href":"https:\/\/zonaroja.com.mx\/index.php?rest_route=\/wp\/v2\/users\/2"}],"replies":[{"embeddable":true,"href":"https:\/\/zonaroja.com.mx\/index.php?rest_route=%2Fwp%2Fv2%2Fcomments&post=30532"}],"version-history":[{"count":1,"href":"https:\/\/zonaroja.com.mx\/index.php?rest_route=\/wp\/v2\/posts\/30532\/revisions"}],"predecessor-version":[{"id":30534,"href":"https:\/\/zonaroja.com.mx\/index.php?rest_route=\/wp\/v2\/posts\/30532\/revisions\/30534"}],"wp:featuredmedia":[{"embeddable":true,"href":"https:\/\/zonaroja.com.mx\/index.php?rest_route=\/wp\/v2\/media\/30533"}],"wp:attachment":[{"href":"https:\/\/zonaroja.com.mx\/index.php?rest_route=%2Fwp%2Fv2%2Fmedia&parent=30532"}],"wp:term":[{"taxonomy":"category","embeddable":true,"href":"https:\/\/zonaroja.com.mx\/index.php?rest_route=%2Fwp%2Fv2%2Fcategories&post=30532"},{"taxonomy":"post_tag","embeddable":true,"href":"https:\/\/zonaroja.com.mx\/index.php?rest_route=%2Fwp%2Fv2%2Ftags&post=30532"}],"curies":[{"name":"wp","href":"https:\/\/api.w.org\/{rel}","templated":true}]}}