{"id":30535,"date":"2021-08-05T08:10:41","date_gmt":"2021-08-05T13:10:41","guid":{"rendered":"http:\/\/www.zonaroja.com.mx\/?p=30535"},"modified":"2021-08-04T21:23:25","modified_gmt":"2021-08-05T02:23:25","slug":"insiste-diputada-en-que-se-instale-comision-intersecretarial-del-sistema-penitenciario","status":"publish","type":"post","link":"https:\/\/zonaroja.com.mx\/?p=30535","title":{"rendered":"Insiste diputada en que se instale Comisi\u00f3n Intersecretarial del Sistema Penitenciario"},"content":{"rendered":"\n<p>Redacci\u00f3n\/Zona Roja.<\/p>\n\n\n\n<p>Oaxaca de Ju\u00e1rez, Oax., 4 de agosto de 2021.- La diputada Magaly L\u00f3pez Dom\u00ednguez, llam\u00f3 al titular del al titular del Poder Ejecutivo y al secretario de Seguridad P\u00fablica del Estado de Oaxaca, a que den cumplimiento a lo establecido en la Ley Nacional de Ejecuci\u00f3n Penal.<\/p>\n\n\n\n<p>Lo anterior, mediante un Punto de Acuerdo presentado al Congreso local, que tiene como objetivo que a la brevedad posible, la Comisi\u00f3n Intersecretarial del Sistema Penitenciario, cumpla con sus obligaciones y garantice en el marco de sus atribuciones los derechos de las personas privadas de la libertad, establecidos en la legislaci\u00f3n en menci\u00f3n.<\/p>\n\n\n\n<p>La diputada L\u00f3pez Dom\u00ednguez expuso que, en su calidad de presidenta de la Comisi\u00f3n Permanente de Derechos Humanos, el pasado 10 de marzo de 2020, solicit\u00f3 al Ejecutivo estatal, informaci\u00f3n sobre la fecha de integraci\u00f3n de la Comisi\u00f3n Intersecretarial del Sistema Penitenciario del Estado de Oaxaca.<\/p>\n\n\n\n<p>De igual forma, pidi\u00f3 datos sobre las dependencias que integran la referida comisi\u00f3n y los acuerdos. Sin embargo, hasta el momento no se tiene conocimiento que dicha comisi\u00f3n se haya instalado o se encuentre funcionando.<\/p>\n\n\n\n<p>La representante popular inform\u00f3 que recientemente, la Comisi\u00f3n Nacional de Derechos Humanos (CNDH), emiti\u00f3 el Diagn\u00f3stico Nacional de Supervisi\u00f3n Penitenciaria (DNSP), correspondiente al a\u00f1o 2020, en el cual se indica que los Centros de Reinserci\u00f3n Social (Cereso) de Tehuantepec y el Varonil de Tanivet, son los que tienen una atenci\u00f3n m\u00e1s deficiente con las Personas Privadas de su Libertad (PPL) lo anterior al obtener una calificaci\u00f3n de 5.14 y 5.3.<\/p>\n\n\n\n<p>Magaly L\u00f3pez consider\u00f3 que estos resultados se dan como consecuencia de la indiferencia estatal, hacia los derechos humanos, espec\u00edficamente sobre la reinserci\u00f3n social.&nbsp;<\/p>\n\n\n\n<p>En este sentido la diputada morenista refiri\u00f3 que de acuerdo a la Ley Nacional de Ejecuci\u00f3n Penal, el sistema penitenciario, debe funcionar sobre la base del respeto a los derechos humanos.<\/p>\n\n\n\n<p>Fue puntual al indicar que, los objetivos de las penas, y medidas privativas de la libertad, son principalmente proteger a la sociedad contra el delito y reducir la reincidencia.&nbsp;<\/p>\n\n\n\n<p>Finalmente L\u00f3pez Dom\u00ednguez, dijo que para lograr este prop\u00f3sito, las autoridades penitenciarias y otras autoridades competentes deber\u00e1n ofrecer educaci\u00f3n, formaci\u00f3n profesional y trabajo, as\u00ed como otras formas de asistencia apropiada.<\/p>\n\n\n\n<p>El exhorto legislativo presentado al Congreso local, por la representante popular fue turnado a la Comisi\u00f3n Permanente para su an\u00e1lisis y dictamen.<\/p>\n","protected":false},"excerpt":{"rendered":"<p>Redacci\u00f3n\/Zona Roja. Oaxaca de Ju\u00e1rez, Oax., 4 de agosto de 2021.- La diputada Magaly L\u00f3pez&hellip;<\/p>\n","protected":false},"author":2,"featured_media":30536,"comment_status":"closed","ping_status":"open","sticky":false,"template":"","format":"standard","meta":{"_lmt_disableupdate":"","_lmt_disable":"","_jetpack_memberships_contains_paid_content":false,"footnotes":""},"categories":[109,46],"tags":[192],"class_list":["post-30535","post","type-post","status-publish","format-standard","has-post-thumbnail","hentry","category-minuto-a-minuto","category-zona-blanca","tag-diputada-magaly-lopez-dominguez"],"jetpack_featured_media_url":"https:\/\/zonaroja.com.mx\/wp-content\/uploads\/2021\/08\/Por-segunda-vez-la-diputada-Magaly-Lopez-solicita-al-Gobernador-y-al-Secretario-de-Seguridad-Publica-instalar-la-Comision-Intersecretarial-del-Sistema-Penitenciario.jpeg","jetpack_sharing_enabled":true,"_links":{"self":[{"href":"https:\/\/zonaroja.com.mx\/index.php?rest_route=\/wp\/v2\/posts\/30535","targetHints":{"allow":["GET"]}}],"collection":[{"href":"https:\/\/zonaroja.com.mx\/index.php?rest_route=\/wp\/v2\/posts"}],"about":[{"href":"https:\/\/zonaroja.com.mx\/index.php?rest_route=\/wp\/v2\/types\/post"}],"author":[{"embeddable":true,"href":"https:\/\/zonaroja.com.mx\/index.php?rest_route=\/wp\/v2\/users\/2"}],"replies":[{"embeddable":true,"href":"https:\/\/zonaroja.com.mx\/index.php?rest_route=%2Fwp%2Fv2%2Fcomments&post=30535"}],"version-history":[{"count":1,"href":"https:\/\/zonaroja.com.mx\/index.php?rest_route=\/wp\/v2\/posts\/30535\/revisions"}],"predecessor-version":[{"id":30537,"href":"https:\/\/zonaroja.com.mx\/index.php?rest_route=\/wp\/v2\/posts\/30535\/revisions\/30537"}],"wp:featuredmedia":[{"embeddable":true,"href":"https:\/\/zonaroja.com.mx\/index.php?rest_route=\/wp\/v2\/media\/30536"}],"wp:attachment":[{"href":"https:\/\/zonaroja.com.mx\/index.php?rest_route=%2Fwp%2Fv2%2Fmedia&parent=30535"}],"wp:term":[{"taxonomy":"category","embeddable":true,"href":"https:\/\/zonaroja.com.mx\/index.php?rest_route=%2Fwp%2Fv2%2Fcategories&post=30535"},{"taxonomy":"post_tag","embeddable":true,"href":"https:\/\/zonaroja.com.mx\/index.php?rest_route=%2Fwp%2Fv2%2Ftags&post=30535"}],"curies":[{"name":"wp","href":"https:\/\/api.w.org\/{rel}","templated":true}]}}