{"id":30540,"date":"2021-08-04T22:27:56","date_gmt":"2021-08-05T03:27:56","guid":{"rendered":"http:\/\/www.zonaroja.com.mx\/?p=30540"},"modified":"2021-08-04T22:28:00","modified_gmt":"2021-08-05T03:28:00","slug":"miercoles-rojo-mas-de-300-hospitalizados-por-covid-498-positivos-10-decesos","status":"publish","type":"post","link":"https:\/\/zonaroja.com.mx\/?p=30540","title":{"rendered":"Mi\u00e9rcoles rojo: m\u00e1s de 300 hospitalizados por Covid; 498 positivos, 10 decesos"},"content":{"rendered":"\n<p>Redacci\u00f3n\/Zona Roja.<\/p>\n\n\n\n<p>Oaxaca de Ju\u00e1rez, Oax., 4 de agosto de 2021.-Con corte de este 4 de agosto, la cifra de hospitalizaciones por Covid-19 se elev\u00f3 a 309, de ellas, 24 son nuevos ingresos.<\/p>\n\n\n\n<p>Lo anterior ubica a la red m\u00e9dica al 68.1% de su capacidad para la atenci\u00f3n de la pandemia; asimismo, el n\u00famero de hospitales a su m\u00e1xima capacidad se increment\u00f3 a 19, de acuerdo con informaci\u00f3n de los Servicios de Salud de Oaxaca (SSO).<\/p>\n\n\n\n<p>Por lo anterior, tres Jurisdicciones Sanitarias reportan por debajo del 68% su capacidad de camas; se trata de la Mixteca, Valles Centrales e Istmo, mientras que la Costa se instal\u00f3 en el 71.4%; sin embargo, Tuxtepec es la de mayor preocupaci\u00f3n, ya que los nosocomios de la zona est\u00e1n trabajando casi al l\u00edmite con el 94.3%; a diferencia de la Sierra que concentra solo el 7.7% de ocupaci\u00f3n m\u00e9dica.<\/p>\n\n\n\n<p>El impacto de la emergencia sanitaria en el territorio oaxaque\u00f1o, ha sumado un total de 56 mil 456 casos acumulados, mientras que en las \u00faltimas 24 horas se registraron 498 infecciones nuevas, as\u00ed como 10 defunciones en este mismo periodo, para un global de 4 mil 185 decesos desde el inicio de la pandemia.<\/p>\n\n\n\n<p>La tercera ola adem\u00e1s ha dejado un balance de dos mil 532 casos que presentan la enfermedad en etapa activa, personas que, de no mantener todos los protocolos sanitarios, podr\u00edan contribuir potencialmente a la transmisi\u00f3n del virus.<\/p>\n\n\n\n<p>En esta jornada tambi\u00e9n se notificaron 92 municipios con diagn\u00f3sticos nuevos, con mayor incidencia Oaxaca de Ju\u00e1rez con 47 casos, seguido de Santa Mar\u00eda Huatulco con 40, San Juan Bautista Tuxtepec con 36, San Pedro Mixtepec (Distrito 22) con 23 y Heroica Ciudad de Tlaxiaco con 20, por mencionar algunos.<\/p>\n\n\n\n<figure class=\"wp-block-embed-twitter wp-block-embed is-type-rich is-provider-twitter\"><div class=\"wp-block-embed__wrapper\">\n<div class=\"twitter-tweet\"><blockquote class=\"twitter-tweet\" data-lang=\"es\"><p lang=\"es\" dir=\"ltr\"><a href=\"https:\/\/twitter.com\/hashtag\/%C3%9AltimoMinuto?src=hash&amp;ref_src=twsrc%5Etfw\">#\u00daltimoMinuto<\/a><br>Covid sin cesar en <a href=\"https:\/\/twitter.com\/hashtag\/Oaxaca?src=hash&amp;ref_src=twsrc%5Etfw\">#Oaxaca<\/a>. Este mi\u00e9rcoles, los <a href=\"https:\/\/twitter.com\/SSO_GobOax?ref_src=twsrc%5Etfw\">@SSO_GobOax<\/a> reportan 498 casos positivos, que suman 56 mil 456 confirmados.<br>Tambi\u00e9n, 10 decesos, que dan un total de 4 mil 185 defunciones.<br>Hay 2,532 casos activos; 19 nosocomios llenos; 68.1% ocupaci\u00f3n hospitalaria. <a href=\"https:\/\/t.co\/EEo3MGBYuG\">pic.twitter.com\/EEo3MGBYuG<\/a><\/p>&mdash; Zona Roja Oaxaca (@Zona_Roja_Oax) <a href=\"https:\/\/twitter.com\/Zona_Roja_Oax\/status\/1423095662371954690?ref_src=twsrc%5Etfw\">5 de agosto de 2021<\/a><\/blockquote><\/div>\n<\/div><\/figure>\n\n\n\n<p>Conforme al conteo local de positivos acumulados seg\u00fan la ubicaci\u00f3n geogr\u00e1fica, Valles Centrales reporta 35 mil 542 casos, de los cuales, 957 est\u00e1n activos, Istmo 6 mil 808 positivo y 520 activos, Tuxtepec 3 mil 637 confirmados y 312 activos, Costa 3 mil 986 casos y 438 activos, Mixteca 4 mil 564 contagios y 235 activos, Sierra mil 919 y 70 activos.<\/p>\n\n\n\n<p>Sin embargo, el n\u00famero de fallecimientos no ha crecido a la misma velocidad que los contagios. En esta ocasi\u00f3n la mayor\u00eda de los infectados son personas m\u00e1s j\u00f3venes que en el pasado mes de enero y febrero, donde se observ\u00f3 tambi\u00e9n un incremento de la emergencia sanitaria.<\/p>\n\n\n\n<p>La instituci\u00f3n advirti\u00f3 que si sigue la tendencia al alza como hasta ahora, con el reporte de m\u00e1s de 400 contagios al d\u00eda, es probable que se corra el riesgo de que la capacidad hospitalaria en la entidad se vea rebasada.<\/p>\n\n\n\n<p>Por ello, la dependencia hace un llamado firme para evitar acudir a lugares concurridos, as\u00ed como respetar las medidas sanitarias, uso del cubrebocas de manera obligatoria y el aforo permitido de acuerdo con el sem\u00e1foro epidemiol\u00f3gico color naranja que significa que existe alto riesgo de contagio en la entidad.<\/p>\n","protected":false},"excerpt":{"rendered":"<p>Redacci\u00f3n\/Zona Roja. Oaxaca de Ju\u00e1rez, Oax., 4 de agosto de 2021.-Con corte de este 4&hellip;<\/p>\n","protected":false},"author":2,"featured_media":30541,"comment_status":"closed","ping_status":"open","sticky":false,"template":"","format":"standard","meta":{"_lmt_disableupdate":"","_lmt_disable":"","_jetpack_memberships_contains_paid_content":false,"footnotes":""},"categories":[109,47],"tags":[1512],"class_list":["post-30540","post","type-post","status-publish","format-standard","has-post-thumbnail","hentry","category-minuto-a-minuto","category-zona-gris","tag-coronavirus-oaxaca"],"jetpack_featured_media_url":"https:\/\/zonaroja.com.mx\/wp-content\/uploads\/2021\/08\/4-de-agosto-de-2021.-Comunicado-Te\u0301cnico-COVID-19-1.jpg","jetpack_sharing_enabled":true,"_links":{"self":[{"href":"https:\/\/zonaroja.com.mx\/index.php?rest_route=\/wp\/v2\/posts\/30540","targetHints":{"allow":["GET"]}}],"collection":[{"href":"https:\/\/zonaroja.com.mx\/index.php?rest_route=\/wp\/v2\/posts"}],"about":[{"href":"https:\/\/zonaroja.com.mx\/index.php?rest_route=\/wp\/v2\/types\/post"}],"author":[{"embeddable":true,"href":"https:\/\/zonaroja.com.mx\/index.php?rest_route=\/wp\/v2\/users\/2"}],"replies":[{"embeddable":true,"href":"https:\/\/zonaroja.com.mx\/index.php?rest_route=%2Fwp%2Fv2%2Fcomments&post=30540"}],"version-history":[{"count":1,"href":"https:\/\/zonaroja.com.mx\/index.php?rest_route=\/wp\/v2\/posts\/30540\/revisions"}],"predecessor-version":[{"id":30542,"href":"https:\/\/zonaroja.com.mx\/index.php?rest_route=\/wp\/v2\/posts\/30540\/revisions\/30542"}],"wp:featuredmedia":[{"embeddable":true,"href":"https:\/\/zonaroja.com.mx\/index.php?rest_route=\/wp\/v2\/media\/30541"}],"wp:attachment":[{"href":"https:\/\/zonaroja.com.mx\/index.php?rest_route=%2Fwp%2Fv2%2Fmedia&parent=30540"}],"wp:term":[{"taxonomy":"category","embeddable":true,"href":"https:\/\/zonaroja.com.mx\/index.php?rest_route=%2Fwp%2Fv2%2Fcategories&post=30540"},{"taxonomy":"post_tag","embeddable":true,"href":"https:\/\/zonaroja.com.mx\/index.php?rest_route=%2Fwp%2Fv2%2Ftags&post=30540"}],"curies":[{"name":"wp","href":"https:\/\/api.w.org\/{rel}","templated":true}]}}