{"id":30546,"date":"2021-08-05T07:45:16","date_gmt":"2021-08-05T12:45:16","guid":{"rendered":"http:\/\/www.zonaroja.com.mx\/?p=30546"},"modified":"2021-08-05T07:45:19","modified_gmt":"2021-08-05T12:45:19","slug":"regresa-a-sesiones-presenciales-el-poder-judicial-de-oaxaca","status":"publish","type":"post","link":"https:\/\/zonaroja.com.mx\/?p=30546","title":{"rendered":"Regresa a sesiones presenciales el Poder Judicial de Oaxaca"},"content":{"rendered":"\n<p>Redacci\u00f3n\/Zona Roja.<\/p>\n\n\n\n<p>Oaxaca de Ju\u00e1rez, Oax., 5 de agosto de 2021.- A partir de este martes 3 de agosto, el Poder Judicial del Estado de Oaxaca reanud\u00f3 sus sesiones de manera presencial con los cuidados y protocolos establecidos para el cuidado de la salud y la vida, luego de que por varios meses se llevaran a cabo en la modalidad virtual lo que permiti\u00f3 que de manera ininterrumpida la instituci\u00f3n continuara con sus labores y funciones jurisdiccionales en esta etapa de contingencia sanitaria.<\/p>\n\n\n\n<p>Al presidir la apertura de los trabajos del segundo periodo ordinario de sesiones correspondiente al 2021, el magistrado presidente Eduardo Pinacho S\u00e1nchez refrend\u00f3 el compromiso del Tribunal Superior de Justicia y del Consejo de la Judicatura para continuar impulsando estrategias y acciones encaminadas a consolidar un sistema de administraci\u00f3n de justicia moderno y a la vanguardia.<\/p>\n\n\n\n<p>De esta manera, se garantiza que la impartici\u00f3n de justicia no se detenga y se protegen los derechos humanos fundamentales de los ciudadanos durante la contingencia, adem\u00e1s de aprovechar las ventajas de las herramientas tecnol\u00f3gicas, que hoy en d\u00eda ante la pandemia resultan de gran utilidad, mencion\u00f3.<\/p>\n\n\n\n<p>Al acto protocolario del Pleno del Tribunal Superior de Justicia del Estado, realizado el auditorio de la sede judicial, asistieron las magistradas y magistrados integrantes de las diferentes salas penales, civiles, familiar, Constitucional y de Justicia Ind\u00edgena.<\/p>\n\n\n\n<p>Ante el regreso a sesiones y actividades presenciales del personal de confianza desde el pasado mes de junio, el Poder Judicial del Estado estableci\u00f3 y reforz\u00f3 los filtros sanitarios de ingreso, as\u00ed como las medidas preventivas como lo establece el Plan de Retorno Gradual, Seguro y Ordenado a la Actividad Jurisdiccional y Administrativa, esto para evitar riesgos de contagio de COVID-19.<\/p>\n\n\n\n<p>Tambi\u00e9n desde el inicio de la emergencia sanitaria, la administraci\u00f3n del magistrado Eduardo Pinacho S\u00e1nchez sent\u00f3 las condiciones t\u00e9cnicas y estructurales para el Tribunal Virtual, por lo cual se habilitaron servicios digitales que se han ido consolidando y se dise\u00f1\u00f3 un esquema destinado a la atenci\u00f3n de casos urgentes.<\/p>\n\n\n\n<p>El segundo periodo ordinario de sesiones correspondiente al 2021 comprender\u00e1 hasta el 15 de diciembre, como lo establecen los art\u00edculos 11, 12 y 51 de la Ley Org\u00e1nica del Poder Judicial del Estado.<\/p>\n\n\n\n<p>Respecto a dudas e informaci\u00f3n sobre el seguimiento de asuntos judiciales y los servicios con los que cuenta la instituci\u00f3n, las y los usuarios pueden comunicarse al Centro de Respuesta Inmediata, JusticiaTel, a trav\u00e9s de la l\u00ednea telef\u00f3nica 800 719 22 3.<\/p>\n","protected":false},"excerpt":{"rendered":"<p>Redacci\u00f3n\/Zona Roja. Oaxaca de Ju\u00e1rez, Oax., 5 de agosto de 2021.- A partir de este&hellip;<\/p>\n","protected":false},"author":2,"featured_media":30547,"comment_status":"closed","ping_status":"open","sticky":false,"template":"","format":"standard","meta":{"_lmt_disableupdate":"","_lmt_disable":"","_jetpack_memberships_contains_paid_content":false,"footnotes":""},"categories":[109,46],"tags":[223],"class_list":["post-30546","post","type-post","status-publish","format-standard","has-post-thumbnail","hentry","category-minuto-a-minuto","category-zona-blanca","tag-poder-judicial-de-oaxaca"],"jetpack_featured_media_url":"https:\/\/zonaroja.com.mx\/wp-content\/uploads\/2021\/08\/El-titular-del-PJEO-realizo-la-declaratoria-de-apertura-de-los-trabajos.jpg","jetpack_sharing_enabled":true,"_links":{"self":[{"href":"https:\/\/zonaroja.com.mx\/index.php?rest_route=\/wp\/v2\/posts\/30546","targetHints":{"allow":["GET"]}}],"collection":[{"href":"https:\/\/zonaroja.com.mx\/index.php?rest_route=\/wp\/v2\/posts"}],"about":[{"href":"https:\/\/zonaroja.com.mx\/index.php?rest_route=\/wp\/v2\/types\/post"}],"author":[{"embeddable":true,"href":"https:\/\/zonaroja.com.mx\/index.php?rest_route=\/wp\/v2\/users\/2"}],"replies":[{"embeddable":true,"href":"https:\/\/zonaroja.com.mx\/index.php?rest_route=%2Fwp%2Fv2%2Fcomments&post=30546"}],"version-history":[{"count":1,"href":"https:\/\/zonaroja.com.mx\/index.php?rest_route=\/wp\/v2\/posts\/30546\/revisions"}],"predecessor-version":[{"id":30548,"href":"https:\/\/zonaroja.com.mx\/index.php?rest_route=\/wp\/v2\/posts\/30546\/revisions\/30548"}],"wp:featuredmedia":[{"embeddable":true,"href":"https:\/\/zonaroja.com.mx\/index.php?rest_route=\/wp\/v2\/media\/30547"}],"wp:attachment":[{"href":"https:\/\/zonaroja.com.mx\/index.php?rest_route=%2Fwp%2Fv2%2Fmedia&parent=30546"}],"wp:term":[{"taxonomy":"category","embeddable":true,"href":"https:\/\/zonaroja.com.mx\/index.php?rest_route=%2Fwp%2Fv2%2Fcategories&post=30546"},{"taxonomy":"post_tag","embeddable":true,"href":"https:\/\/zonaroja.com.mx\/index.php?rest_route=%2Fwp%2Fv2%2Ftags&post=30546"}],"curies":[{"name":"wp","href":"https:\/\/api.w.org\/{rel}","templated":true}]}}