{"id":30552,"date":"2021-08-05T08:03:27","date_gmt":"2021-08-05T13:03:27","guid":{"rendered":"http:\/\/www.zonaroja.com.mx\/?p=30552"},"modified":"2021-08-05T08:03:34","modified_gmt":"2021-08-05T13:03:34","slug":"inicia-en-oaxaca-vacunacion-para-el-grupo-de-edad-de-30-a-39-anos","status":"publish","type":"post","link":"https:\/\/zonaroja.com.mx\/?p=30552","title":{"rendered":"Inicia en Oaxaca vacunaci\u00f3n para el grupo de edad de 30 a 39 a\u00f1os"},"content":{"rendered":"\n<p>Redacci\u00f3n\/Zona Roja.<\/p>\n\n\n\n<p>Oaxaca de Ju\u00e1rez, Oax., 5 de agosto de 2021.- Los Servicios de Salud de Oaxaca (SSO) informan que este jueves 5 de agosto inicia la aplicaci\u00f3n de la vacuna contra Covid-19 al grupo etario de 30 a 39 a\u00f1os en 14 municipios conurbados de los Valles Centrales, en donde se estima suministrar 50 mil 5 dosis de la farmac\u00e9utica AstraZeneca en 12 puntos de vacunaci\u00f3n.<\/p>\n\n\n\n<p>Lo anterior, en el marco de la Estrategia de la Pol\u00edtica Nacional de Vacunaci\u00f3n contra el virus SARS-CoV-2 en M\u00e9xico, en la que participan autoridades de los tres niveles de gobierno, quienes desde el inicio de esta acci\u00f3n han trabajado de manera coordinada.<\/p>\n\n\n\n<p>Dentro de los municipios contemplados para la aplicaci\u00f3n de las primeras dosis por parte del personal de los SSO destacan: San Andr\u00e9s Huay\u00e1pam, cuyo punto de vacunaci\u00f3n ser\u00e1 el Centro de Salud; en San Agust\u00edn Yatareni, San Antonio de la Cal y Santa Cruz Amilpas, ser\u00e1n aplicados los biol\u00f3gicos en las explanadas municipales.<\/p>\n\n\n\n<p>San Jacinto Amilpas en la Unidad Deportiva del municipio; San Andr\u00e9s Ixtlahuaca y San Pedro Ixtlahuaca, en el auditorio municipal de \u00e9sta \u00faltima localidad; Santa Mar\u00eda Atzompa, en el sal\u00f3n de usos m\u00faltiples; Santa Cruz Xoxocotl\u00e1n, en Hacienda La Asunci\u00f3n, que se ubica en la agencia de Esquipulas, y en Tlalixtac de Cabrera, en el Centro de Salud de Servicios Ampliados (CESSA).<\/p>\n\n\n\n<p>Asimismo, el inicio de la vacunaci\u00f3n en San Sebasti\u00e1n Tutla est\u00e1 programado para el viernes 6 de agosto, y ese mismo d\u00eda los SSO con el apoyo de un binomio del Instituto Mexicano del Seguro Social (IMSS) r\u00e9gimen ordinario inmunizar\u00e1n a la poblaci\u00f3n de San Juan Bautista Cuicatl\u00e1n.<\/p>\n\n\n\n<p>En tanto, las comunidades que tendr\u00e1 a cargo el IMSS-Bienestar son: Santo Domingo Tomaltepec y Santa Mar\u00eda El Tule en la Escuela Primaria \u201cVicente Guerrero\u201d de esta \u00faltima circunscripci\u00f3n; en Santa Luc\u00eda del Camino, la actividad se efectuar\u00e1 en la explanada de la agencia municipal de San Francisco Tutla y estar\u00e1 a cargo del IMSS-r\u00e9gimen ordinario.<\/p>\n\n\n\n<p>Y para dar continuidad a la inmunizaci\u00f3n de la poblaci\u00f3n mayor de 18 a\u00f1os, como parte de los esfuerzos de vacunaci\u00f3n a municipios rurales, se llevar\u00e1 a cabo la jornada en Santo Domingo de Morelos.<\/p>\n\n\n\n<p>La atenci\u00f3n ser\u00e1 brindada en un horario de 8:00 a 18:00 horas, se recomienda a la poblaci\u00f3n que al acudir a los puestos de vacunaci\u00f3n respeten la sana distancia en todo momento y utilicen correctamente el cubrebocas durante la espera del biol\u00f3gico.<\/p>\n","protected":false},"excerpt":{"rendered":"<p>Redacci\u00f3n\/Zona Roja. Oaxaca de Ju\u00e1rez, Oax., 5 de agosto de 2021.- Los Servicios de Salud&hellip;<\/p>\n","protected":false},"author":2,"featured_media":26522,"comment_status":"closed","ping_status":"open","sticky":false,"template":"","format":"standard","meta":{"_lmt_disableupdate":"","_lmt_disable":"","_jetpack_memberships_contains_paid_content":false,"footnotes":""},"categories":[109,46],"tags":[1005],"class_list":["post-30552","post","type-post","status-publish","format-standard","has-post-thumbnail","hentry","category-minuto-a-minuto","category-zona-blanca","tag-servicios-de-salud-de-oaxaca-sso"],"jetpack_featured_media_url":"https:\/\/zonaroja.com.mx\/wp-content\/uploads\/2021\/04\/Vacunados-contra-Covid.jpg","jetpack_sharing_enabled":true,"_links":{"self":[{"href":"https:\/\/zonaroja.com.mx\/index.php?rest_route=\/wp\/v2\/posts\/30552","targetHints":{"allow":["GET"]}}],"collection":[{"href":"https:\/\/zonaroja.com.mx\/index.php?rest_route=\/wp\/v2\/posts"}],"about":[{"href":"https:\/\/zonaroja.com.mx\/index.php?rest_route=\/wp\/v2\/types\/post"}],"author":[{"embeddable":true,"href":"https:\/\/zonaroja.com.mx\/index.php?rest_route=\/wp\/v2\/users\/2"}],"replies":[{"embeddable":true,"href":"https:\/\/zonaroja.com.mx\/index.php?rest_route=%2Fwp%2Fv2%2Fcomments&post=30552"}],"version-history":[{"count":1,"href":"https:\/\/zonaroja.com.mx\/index.php?rest_route=\/wp\/v2\/posts\/30552\/revisions"}],"predecessor-version":[{"id":30553,"href":"https:\/\/zonaroja.com.mx\/index.php?rest_route=\/wp\/v2\/posts\/30552\/revisions\/30553"}],"wp:featuredmedia":[{"embeddable":true,"href":"https:\/\/zonaroja.com.mx\/index.php?rest_route=\/wp\/v2\/media\/26522"}],"wp:attachment":[{"href":"https:\/\/zonaroja.com.mx\/index.php?rest_route=%2Fwp%2Fv2%2Fmedia&parent=30552"}],"wp:term":[{"taxonomy":"category","embeddable":true,"href":"https:\/\/zonaroja.com.mx\/index.php?rest_route=%2Fwp%2Fv2%2Fcategories&post=30552"},{"taxonomy":"post_tag","embeddable":true,"href":"https:\/\/zonaroja.com.mx\/index.php?rest_route=%2Fwp%2Fv2%2Ftags&post=30552"}],"curies":[{"name":"wp","href":"https:\/\/api.w.org\/{rel}","templated":true}]}}