{"id":3056,"date":"2019-08-13T08:47:41","date_gmt":"2019-08-13T13:47:41","guid":{"rendered":"http:\/\/www.zonaroja.com.mx\/?p=3056"},"modified":"2019-08-13T08:47:43","modified_gmt":"2019-08-13T13:47:43","slug":"sin-rastro-de-las-tres-personas-desaparecidas-en-guila-hace-mas-de-un-mes","status":"publish","type":"post","link":"https:\/\/zonaroja.com.mx\/?p=3056","title":{"rendered":"Sin rastro de las tres personas desaparecidas en G\u00fcil\u00e1 hace m\u00e1s de un mes"},"content":{"rendered":"\n<p>Redacci\u00f3n\/Zona\nRoja.<\/p>\n\n\n\n<p>Oaxaca\nde Ju\u00e1rez, Oax., 13 de agosto de 2019.- Familiares de las tres personas\ndesaparecidas el pasado 6 de julio en las inmediaciones de San Felipe G\u00fcila,\ndenunciaron que a m\u00e1s de un mes de los hechos las autoridades de seguridad p\u00fablica\ny procuraci\u00f3n de \u00b4justicia a\u00fan no dan con su paradero. <\/p>\n\n\n\n<p>As\u00ed\nlo inform\u00f3 Ram\u00f3n Aar\u00f3n Guzm\u00e1n Guzm\u00e1n, padre de M\u00f3nica Guzm\u00e1n Soriano, quien\nrecord\u00f3 que fue hace m\u00e1s de un mes que su hija desapareci\u00f3 en las inmediaciones\nde la Ruta del Mezcal, acompa\u00f1ada de Jos\u00e9 Luis Cruz y Everardo Cruz Ruiz.<\/p>\n\n\n\n<p>Pese\na recurrir desde un inicio a las autoridades de procuraci\u00f3n de justicia en el\ndistrito de Tlacolula y en la capital del estado, nada saben del paradero de\nlas tres personas&nbsp; aunque hay un testigo\nque afirma que fueron vistos por \u00faltima vez en G\u00fcila, donde se perdi\u00f3 su\nrastro.<\/p>\n\n\n\n<p>\u201cNos\nhemos acercado a todas las autoridades municipales, estatales e incluso\nfederales y ninguna ha dado respuesta, yo como padre lo \u00fanico que quiero saber\nes qu\u00e9 pas\u00f3 con mi hija, si cometi\u00f3 un delito y con su vida pago o que fue lo\nque sucedi\u00f3\u201d, dijo en entrevista. <\/p>\n\n\n\n<p>De\nacuerdo a la poca informaci\u00f3n que le han compartido las autoridades, las tres\npersonas presuntamente agredieron a un habitante de la localidad lo que\nocasion\u00f3 que fueran retenidos, sin embargo, no hay m\u00e1s datos excepto la\nnegativa por ingresar a la localidad que califican de \u201cpeligrosa\u201d. <\/p>\n\n\n\n<p>En\neste sentido, Ram\u00f3n Guzm\u00e1n explic\u00f3 que ya sostuvieron reuni\u00f3n con el fiscal\nGeneral del Estado, Rub\u00e9n Vasconcelos Mendez, quien se comprometi\u00f3 a dar\nresultados este lunes, as\u00ed como con el secretario de Gobierno, H\u00e9ctor Anuar\nMafud quien ha sido el principal opositor de ingresar a la localidad para\ninvestigar los hechos. <\/p>\n\n\n\n<p>\u201cYo\nlo que quiero saber es qu\u00e9 pas\u00f3 con mi hija, es lo \u00fanico, no pido m\u00e1s\u201d,\nasegur\u00f3. <\/p>\n\n\n\n<p>Finalmente\nasegur\u00f3 que en caso de continuar con la zozobra, tienen pensado iniciar un\nplant\u00f3n a las afueras del Palacio de Gobierno en los pr\u00f3ximos d\u00edas, con la\n\u00fanica exigencia de saber que fue de sus familiares. <\/p>\n","protected":false},"excerpt":{"rendered":"<p>Redacci\u00f3n\/Zona Roja. Oaxaca de Ju\u00e1rez, Oax., 13 de agosto de 2019.- Familiares de las tres&hellip;<\/p>\n","protected":false},"author":2,"featured_media":2534,"comment_status":"closed","ping_status":"open","sticky":false,"template":"","format":"standard","meta":{"_lmt_disableupdate":"","_lmt_disable":"","_jetpack_memberships_contains_paid_content":false,"footnotes":""},"categories":[109,51],"tags":[320],"class_list":["post-3056","post","type-post","status-publish","format-standard","has-post-thumbnail","hentry","category-minuto-a-minuto","category-zona-roja","tag-tres-jovenes-desaparecidos-rancho-san-felipe-guila-matatlan"],"jetpack_featured_media_url":"https:\/\/zonaroja.com.mx\/wp-content\/uploads\/2019\/07\/Desaparecidos-G\u00fcil\u00e1.jpg","jetpack_sharing_enabled":true,"_links":{"self":[{"href":"https:\/\/zonaroja.com.mx\/index.php?rest_route=\/wp\/v2\/posts\/3056","targetHints":{"allow":["GET"]}}],"collection":[{"href":"https:\/\/zonaroja.com.mx\/index.php?rest_route=\/wp\/v2\/posts"}],"about":[{"href":"https:\/\/zonaroja.com.mx\/index.php?rest_route=\/wp\/v2\/types\/post"}],"author":[{"embeddable":true,"href":"https:\/\/zonaroja.com.mx\/index.php?rest_route=\/wp\/v2\/users\/2"}],"replies":[{"embeddable":true,"href":"https:\/\/zonaroja.com.mx\/index.php?rest_route=%2Fwp%2Fv2%2Fcomments&post=3056"}],"version-history":[{"count":1,"href":"https:\/\/zonaroja.com.mx\/index.php?rest_route=\/wp\/v2\/posts\/3056\/revisions"}],"predecessor-version":[{"id":3057,"href":"https:\/\/zonaroja.com.mx\/index.php?rest_route=\/wp\/v2\/posts\/3056\/revisions\/3057"}],"wp:featuredmedia":[{"embeddable":true,"href":"https:\/\/zonaroja.com.mx\/index.php?rest_route=\/wp\/v2\/media\/2534"}],"wp:attachment":[{"href":"https:\/\/zonaroja.com.mx\/index.php?rest_route=%2Fwp%2Fv2%2Fmedia&parent=3056"}],"wp:term":[{"taxonomy":"category","embeddable":true,"href":"https:\/\/zonaroja.com.mx\/index.php?rest_route=%2Fwp%2Fv2%2Fcategories&post=3056"},{"taxonomy":"post_tag","embeddable":true,"href":"https:\/\/zonaroja.com.mx\/index.php?rest_route=%2Fwp%2Fv2%2Ftags&post=3056"}],"curies":[{"name":"wp","href":"https:\/\/api.w.org\/{rel}","templated":true}]}}