{"id":30563,"date":"2021-08-05T16:09:26","date_gmt":"2021-08-05T21:09:26","guid":{"rendered":"http:\/\/www.zonaroja.com.mx\/?p=30563"},"modified":"2021-08-05T16:09:29","modified_gmt":"2021-08-05T21:09:29","slug":"oaxaca-en-su-peor-momento-por-la-tercera-ola-de-covid-19","status":"publish","type":"post","link":"https:\/\/zonaroja.com.mx\/?p=30563","title":{"rendered":"Oaxaca, en su peor momento por la tercera ola de Covid-19"},"content":{"rendered":"\n<p>Evlin Arag\u00f3n\/Zona Roja.<\/p>\n\n\n\n<p>Oaxaca de Ju\u00e1rez, Oax., 5 de agosto de 2021.- El estado de Oaxaca corre el riesgo de ver rebasada su capacidad hospitalaria, tras los altos n\u00fameros de contagios registrados al d\u00eda, durante la m\u00e1s reciente semana.<\/p>\n\n\n\n<p>Lo anterior ha sido reconocido por la autoridad en materia de salud. que ya se plantea la declaratoria de sem\u00e1foro epidemiol\u00f3gico color rojo para la entidad, en caso de que los casos no disminuyan.<\/p>\n\n\n\n<p>Apenas ayer, los Servicios de Salud reportaron 309 hospitalizaciones, 24 de ellas de nuevo ingreso, lo que ubica a la red m\u00e9dica al 68.1 por ciento de su capacidad para la atenci\u00f3n de la pandemia; asimismo, el n\u00famero de hospitales a su m\u00e1xima capacidad se increment\u00f3 a 19.&nbsp;<\/p>\n\n\n\n<p>Las regiones de la Cuenca del Papaloapan y la Costa representan la mayor preocupaci\u00f3n, ya que reportan 94.3 y 71.4 por ciento de las camas ocupadas, las cuales hab\u00edan sido instaladas recientemente para la atenci\u00f3n de la tercera ola de la pandemia.<\/p>\n\n\n\n<p>En el caso de la Costa, el municipio de San Pedro Mixtepec se declar\u00f3 desde hace una semana en sem\u00e1foro rojo hasta que la situaci\u00f3n se estabilice, a la par que acord\u00f3 la suspensi\u00f3n de actividades p\u00fablicas y festividades masivas.&nbsp;<\/p>\n\n\n\n<p>Mientras que Santa Mar\u00eda Colotepec acord\u00f3 el cierre parcial de sus playas, incluida la bah\u00eda principal de Puerto Escondido, Marinero y Punta Zicatela, entre otras.&nbsp;<\/p>\n\n\n\n<p>\u201cSe cierran las playas por 15 d\u00edas, del primero al 15, esto para ver la posibilidad de bajar la incidencia de contagios y el aglutinamiento en playas, al igual que tom\u00f3 la medida de la ley seca de 9 de la noche a 9 de la ma\u00f1ana\u201d, dijo Juli\u00e1n Herrera L\u00f3pez Velarde, delegado de turismo en Puerto Escondido.<\/p>\n\n\n\n<p>Al menos cinco municipios deber\u00edan elevar al m\u00e1ximo su nivel de riesgo Covid-19 y cambiar su sem\u00e1foro epid\u00e9mico a color rojo, ello debido a que concentran el mayor incremento de contagios, de acuerdo con la Jurisdicci\u00f3n Sanitaria.<\/p>\n\n\n\n<p>Se trata de Oaxaca de Ju\u00e1rez, Miahuatl\u00e1n de Porfirio D\u00edaz, Santa Cruz Xoxocotl\u00e1n, Santa Luc\u00eda del Camino y San Juan Bautista Cuicatl\u00e1n, quienes este fin de semana deber\u00edan transitar del color naranja al rojo.<\/p>\n\n\n\n<p>Mientras que, en la Mixteca uno de los municipios m\u00e1s representativos como lo es la Heroica Ciudad de Tlaxiaco se declar\u00f3 en sem\u00e1foro rojo ante el incremento de contagios y defunciones que la autoridad calific\u00f3 de \u201calarmantes\u201d por lo que se declar\u00f3 en \u201calerta m\u00e1xima\u201d.&nbsp;<\/p>\n\n\n\n<p>Por lo anterior se estableci\u00f3 un periodo de confinamiento obligatorio durante todo el mes de agosto, ello con el objetivo de disminuir la cadena de contagio, adem\u00e1s que se mantendr\u00e1 el uso del cubrebocas de car\u00e1cter obligatorio.&nbsp;<\/p>\n\n\n\n<p>Previamente, a finales del mes de julio, la regi\u00f3n del Istmo hab\u00eda sido la m\u00e1s azotada por la tercera ola de la pandemia, ocasionando que municipios como Juchit\u00e1n de Zaragoza, Salina Cruz, Ciudad Ixtepec, Santo Domingo Ingenio y Santo Domingo Tehuantepec se declaran en alerta m\u00e1xima.<\/p>\n\n\n\n<p>En esta zona trascendi\u00f3 el caso de Magdalena Tequisistl\u00e1n, pueblo chontal que resisti\u00f3 durante m\u00e1s de un a\u00f1o a la contingencia sanitaria manteni\u00e9ndose sin contagios, sin embargo, fue seriamente castigado con la reciente ola de contagios que se vive desde hace un par de semanas en la entidad.&nbsp;&nbsp;&nbsp;<\/p>\n\n\n\n<p>Apenas el lunes pasado, Santa Mar\u00eda Xadani se declar\u00f3 en emergencia sanitaria por el aumento de casos y fallecimientos por Covid-19 por lo que se decret\u00f3 un toque de queda, el uso obligatorio de cubrebocas, la reubicaci\u00f3n del mercado p\u00fablica y la suspensi\u00f3n de actividades masivas.&nbsp;<\/p>\n","protected":false},"excerpt":{"rendered":"<p>Evlin Arag\u00f3n\/Zona Roja. Oaxaca de Ju\u00e1rez, Oax., 5 de agosto de 2021.- El estado de&hellip;<\/p>\n","protected":false},"author":2,"featured_media":21799,"comment_status":"closed","ping_status":"open","sticky":false,"template":"","format":"standard","meta":{"_lmt_disableupdate":"","_lmt_disable":"","_jetpack_memberships_contains_paid_content":false,"footnotes":""},"categories":[109,47],"tags":[1512],"class_list":["post-30563","post","type-post","status-publish","format-standard","has-post-thumbnail","hentry","category-minuto-a-minuto","category-zona-gris","tag-coronavirus-oaxaca"],"jetpack_featured_media_url":"https:\/\/zonaroja.com.mx\/wp-content\/uploads\/2020\/12\/Covid-intubados.jpg","jetpack_sharing_enabled":true,"_links":{"self":[{"href":"https:\/\/zonaroja.com.mx\/index.php?rest_route=\/wp\/v2\/posts\/30563","targetHints":{"allow":["GET"]}}],"collection":[{"href":"https:\/\/zonaroja.com.mx\/index.php?rest_route=\/wp\/v2\/posts"}],"about":[{"href":"https:\/\/zonaroja.com.mx\/index.php?rest_route=\/wp\/v2\/types\/post"}],"author":[{"embeddable":true,"href":"https:\/\/zonaroja.com.mx\/index.php?rest_route=\/wp\/v2\/users\/2"}],"replies":[{"embeddable":true,"href":"https:\/\/zonaroja.com.mx\/index.php?rest_route=%2Fwp%2Fv2%2Fcomments&post=30563"}],"version-history":[{"count":1,"href":"https:\/\/zonaroja.com.mx\/index.php?rest_route=\/wp\/v2\/posts\/30563\/revisions"}],"predecessor-version":[{"id":30564,"href":"https:\/\/zonaroja.com.mx\/index.php?rest_route=\/wp\/v2\/posts\/30563\/revisions\/30564"}],"wp:featuredmedia":[{"embeddable":true,"href":"https:\/\/zonaroja.com.mx\/index.php?rest_route=\/wp\/v2\/media\/21799"}],"wp:attachment":[{"href":"https:\/\/zonaroja.com.mx\/index.php?rest_route=%2Fwp%2Fv2%2Fmedia&parent=30563"}],"wp:term":[{"taxonomy":"category","embeddable":true,"href":"https:\/\/zonaroja.com.mx\/index.php?rest_route=%2Fwp%2Fv2%2Fcategories&post=30563"},{"taxonomy":"post_tag","embeddable":true,"href":"https:\/\/zonaroja.com.mx\/index.php?rest_route=%2Fwp%2Fv2%2Ftags&post=30563"}],"curies":[{"name":"wp","href":"https:\/\/api.w.org\/{rel}","templated":true}]}}