{"id":30568,"date":"2021-08-05T19:44:21","date_gmt":"2021-08-06T00:44:21","guid":{"rendered":"http:\/\/www.zonaroja.com.mx\/?p=30568"},"modified":"2021-08-05T19:44:25","modified_gmt":"2021-08-06T00:44:25","slug":"abandonan-obra-en-pochutla-senalan-a-contratistas-de-homicidio","status":"publish","type":"post","link":"https:\/\/zonaroja.com.mx\/?p=30568","title":{"rendered":"Abandonan obra en Pochutla; se\u00f1alan a contratistas de homicidio"},"content":{"rendered":"\n<p>Evlin Arag\u00f3n\/Zona Roja.<\/p>\n\n\n\n<p>Oaxaca de Ju\u00e1rez, Oax., 5 de agosto de 2021.- Sin ninguna explicaci\u00f3n, la construcci\u00f3n de 117 ba\u00f1os ecol\u00f3gicos secos en la comunidad de Los Naranjos Esquipulas, perteneciente al municipio de San Pedro Pochutla, permanece inconclusa y en el abandono total, pese al anuncio de una inversi\u00f3n bipartita de cinco millones 117 mil pesos.&nbsp;<\/p>\n\n\n\n<p>As\u00ed lo dieron a conocer pobladores del lugar, quienes exigieron un informe por parte de la autoridad municipal encabezada por Saymi pineda Velasco, y la conclusi\u00f3n de la misma por parte de la Comisi\u00f3n Estatal del Agua (CEA), a cargo de H\u00e9ctor Pablo Ram\u00edrez Leyva, ambos personajes que anunciaron las obras.<\/p>\n\n\n\n<p>Argumentaron que fue el pasado 10 de septiembre, cuando ambos funcionarios dieron el banderazo de arranque de la segunda etapa de la obra ba\u00f1os ecol\u00f3gicos secos, anunciando que la Comisi\u00f3n Nacional del Agua aport\u00f3 dos millones 558 mil 668 pesos, mismo mont\u00f3 que deb\u00eda asignar la CEA, adem\u00e1s de ejecutar la obra.\u00a0<\/p>\n\n\n\n<p>Por lo anterior han hecho p\u00fablica la situaci\u00f3n, evidenciando por medio de fotograf\u00edas las condiciones de abandono en la que se encuentra la obra y exigiendo que las autoridades garanticen la conclusi\u00f3n de la misma.\u00a0<\/p>\n\n\n\n<figure class=\"wp-block-image size-large\"><img decoding=\"async\" width=\"750\" height=\"958\" src=\"http:\/\/www.zonaroja.com.mx\/wp-content\/uploads\/2021\/08\/CEA-sanitarios-ecologicos.jpg\" alt=\"\" class=\"wp-image-30569\" srcset=\"https:\/\/zonaroja.com.mx\/wp-content\/uploads\/2021\/08\/CEA-sanitarios-ecologicos.jpg 750w, https:\/\/zonaroja.com.mx\/wp-content\/uploads\/2021\/08\/CEA-sanitarios-ecologicos-235x300.jpg 235w, https:\/\/zonaroja.com.mx\/wp-content\/uploads\/2021\/08\/CEA-sanitarios-ecologicos-585x747.jpg 585w\" sizes=\"(max-width: 750px) 100vw, 750px\" \/><\/figure>\n\n\n\n<p>As\u00ed mismo, solicitaron al Comit\u00e9 de Obras de la localidad comparta de manera puntual la informaci\u00f3n que tiene al respecto, ya que no se le ha visto pendiente de los trabajos y no ha asumido la responsabilidad que le dio el pueblo de Los Naranjos Esquipulas.<\/p>\n\n\n\n<p>De igual forma, pobladores de la agencia denunciaron que hace cinco meses, el personal t\u00e9cnico de la empresa contratista se fue de la comunidad, dejando a su paso deudas con proveedores de materiales p\u00e9treos y de construcci\u00f3n, adem\u00e1s de pagos pendientes de mano de obra de alba\u00f1iles y peones, e incluso de alimentos consumidos por su personal en la comunidad.<\/p>\n\n\n\n<p>Al respecto, se presume que los ingenieros y contratistas que estaban en frente de la de la obra fueron detenidos el pasado 21 de junio, en la municipalidad de Santa Mar\u00eda Tonameca, luego de haber asesinado a un hombre y dejar mal herido a otro.<\/p>\n\n\n\n<p>De acuerdo con informaci\u00f3n informaciones recientes, se trata de Geovani N. y \u00c1ngel N. de 26 y 38 a\u00f1os de edad, ambos originarios de Santa Mar\u00eda Atzompa, y C\u00e9sar N. de 25 a\u00f1os, originario de San pedro San Pedro Ixtlahuaca.&nbsp;<\/p>\n\n\n\n<p>Las tres personas fueron puestas a disposici\u00f3n de la Vicefiscal\u00eda de la Costa y fueron recluidas en prisi\u00f3n los delitos de homicidio y delincuencia organizada, por lo que de comprobarse que se trata de quienes encabezaban la obra en Los Naranjos Esquipulas, la conclusi\u00f3n de la misma quedar\u00eda a la deriva.&nbsp;<\/p>\n","protected":false},"excerpt":{"rendered":"<p>Evlin Arag\u00f3n\/Zona Roja. Oaxaca de Ju\u00e1rez, Oax., 5 de agosto de 2021.- Sin ninguna explicaci\u00f3n,&hellip;<\/p>\n","protected":false},"author":2,"featured_media":30570,"comment_status":"closed","ping_status":"open","sticky":false,"template":"","format":"standard","meta":{"_lmt_disableupdate":"","_lmt_disable":"","_jetpack_memberships_contains_paid_content":false,"footnotes":""},"categories":[109,47],"tags":[151],"class_list":["post-30568","post","type-post","status-publish","format-standard","has-post-thumbnail","hentry","category-minuto-a-minuto","category-zona-gris","tag-san-pedro-pochutla"],"jetpack_featured_media_url":"https:\/\/zonaroja.com.mx\/wp-content\/uploads\/2021\/08\/Sanitarios-ecologicos-Pochutla.jpg","jetpack_sharing_enabled":true,"_links":{"self":[{"href":"https:\/\/zonaroja.com.mx\/index.php?rest_route=\/wp\/v2\/posts\/30568","targetHints":{"allow":["GET"]}}],"collection":[{"href":"https:\/\/zonaroja.com.mx\/index.php?rest_route=\/wp\/v2\/posts"}],"about":[{"href":"https:\/\/zonaroja.com.mx\/index.php?rest_route=\/wp\/v2\/types\/post"}],"author":[{"embeddable":true,"href":"https:\/\/zonaroja.com.mx\/index.php?rest_route=\/wp\/v2\/users\/2"}],"replies":[{"embeddable":true,"href":"https:\/\/zonaroja.com.mx\/index.php?rest_route=%2Fwp%2Fv2%2Fcomments&post=30568"}],"version-history":[{"count":1,"href":"https:\/\/zonaroja.com.mx\/index.php?rest_route=\/wp\/v2\/posts\/30568\/revisions"}],"predecessor-version":[{"id":30571,"href":"https:\/\/zonaroja.com.mx\/index.php?rest_route=\/wp\/v2\/posts\/30568\/revisions\/30571"}],"wp:featuredmedia":[{"embeddable":true,"href":"https:\/\/zonaroja.com.mx\/index.php?rest_route=\/wp\/v2\/media\/30570"}],"wp:attachment":[{"href":"https:\/\/zonaroja.com.mx\/index.php?rest_route=%2Fwp%2Fv2%2Fmedia&parent=30568"}],"wp:term":[{"taxonomy":"category","embeddable":true,"href":"https:\/\/zonaroja.com.mx\/index.php?rest_route=%2Fwp%2Fv2%2Fcategories&post=30568"},{"taxonomy":"post_tag","embeddable":true,"href":"https:\/\/zonaroja.com.mx\/index.php?rest_route=%2Fwp%2Fv2%2Ftags&post=30568"}],"curies":[{"name":"wp","href":"https:\/\/api.w.org\/{rel}","templated":true}]}}