{"id":30575,"date":"2021-08-05T22:15:30","date_gmt":"2021-08-06T03:15:30","guid":{"rendered":"http:\/\/www.zonaroja.com.mx\/?p=30575"},"modified":"2021-08-05T22:15:34","modified_gmt":"2021-08-06T03:15:34","slug":"insiste-gobierno-federal-en-regreso-a-clases-presenciales-pese-a-covid","status":"publish","type":"post","link":"https:\/\/zonaroja.com.mx\/?p=30575","title":{"rendered":"Insiste gobierno federal en regreso a clases presenciales, pese a Covid"},"content":{"rendered":"\n<p>Redacci\u00f3n\/Zona Roja Cdmx.<\/p>\n\n\n\n<p>Ciudad de M\u00e9xico, 5 de agosto de 2021.- A pesar de la desatada tercera ola de casos Covid-19 en el pa\u00eds, la secretaria de Gobernaci\u00f3n, Olga S\u00e1nchez Cordero, llam\u00f3 a los gobiernos de los estados a ordenar el regreso a clases en las escuelas presenciales en todas las entidades.<\/p>\n\n\n\n<p>En una reuni\u00f3n virtual privada con los mandatarios locales, la funcionaria los exhort\u00f3 tambi\u00e9n a facilitar la reactivaci\u00f3n econ\u00f3mica y a garantizar, para ello, todas las medidas sanitarias correspondientes, con el fin de \u201catajar la pandemia\u201d.<\/p>\n\n\n\n<p>La secretaria inform\u00f3 en sus redes sociales que \u201cen reuni\u00f3n peri\u00f3dica con la gobernadora y gobernadores afirm\u00e9 que el reto que nos ocupa es atajar la pandemia y, al mismo tiempo, permitir el regreso estrat\u00e9gico a las actividades escolares presenciales y econ\u00f3micas con las medidas necesarias\u201d.<\/p>\n\n\n\n<p>(Informaci\u00f3n de \u201cEl Financiero\u201d)<\/p>\n\n\n\n<figure class=\"wp-block-embed-twitter wp-block-embed is-type-rich is-provider-twitter\"><div class=\"wp-block-embed__wrapper\">\n<div class=\"twitter-tweet\"><blockquote class=\"twitter-tweet\" data-lang=\"es\"><p lang=\"es\" dir=\"ltr\">Impostergable el regreso voluntario de las y los estudiantes a las escuelas: <a href=\"https:\/\/twitter.com\/M_OlgaSCordero?ref_src=twsrc%5Etfw\">@M_OlgaSCordero<\/a>. Regreso estrat\u00e9gico a las actividades educativas y econ\u00f3micas presenciales con todas las medidas de seguridad pertinentes, subraya secretaria de Gobernaci\u00f3n. <a href=\"https:\/\/t.co\/Xzsy0xvwQ9\">https:\/\/t.co\/Xzsy0xvwQ9<\/a> <a href=\"https:\/\/t.co\/Dnw3787QfA\">pic.twitter.com\/Dnw3787QfA<\/a><\/p>&mdash; Gobernaci\u00f3n (@SEGOB_mx) <a href=\"https:\/\/twitter.com\/SEGOB_mx\/status\/1423403408355069952?ref_src=twsrc%5Etfw\">5 de agosto de 2021<\/a><\/blockquote><\/div>\n<\/div><\/figure>\n","protected":false},"excerpt":{"rendered":"<p>Redacci\u00f3n\/Zona Roja Cdmx. Ciudad de M\u00e9xico, 5 de agosto de 2021.- A pesar de la&hellip;<\/p>\n","protected":false},"author":2,"featured_media":30577,"comment_status":"closed","ping_status":"open","sticky":false,"template":"","format":"standard","meta":{"_lmt_disableupdate":"","_lmt_disable":"","_jetpack_memberships_contains_paid_content":false,"footnotes":""},"categories":[109,47],"tags":[1328],"class_list":["post-30575","post","type-post","status-publish","format-standard","has-post-thumbnail","hentry","category-minuto-a-minuto","category-zona-gris","tag-coronavirus-mexico"],"jetpack_featured_media_url":"https:\/\/zonaroja.com.mx\/wp-content\/uploads\/2021\/08\/Reunion-Segob-gobernadores.jpg","jetpack_sharing_enabled":true,"_links":{"self":[{"href":"https:\/\/zonaroja.com.mx\/index.php?rest_route=\/wp\/v2\/posts\/30575","targetHints":{"allow":["GET"]}}],"collection":[{"href":"https:\/\/zonaroja.com.mx\/index.php?rest_route=\/wp\/v2\/posts"}],"about":[{"href":"https:\/\/zonaroja.com.mx\/index.php?rest_route=\/wp\/v2\/types\/post"}],"author":[{"embeddable":true,"href":"https:\/\/zonaroja.com.mx\/index.php?rest_route=\/wp\/v2\/users\/2"}],"replies":[{"embeddable":true,"href":"https:\/\/zonaroja.com.mx\/index.php?rest_route=%2Fwp%2Fv2%2Fcomments&post=30575"}],"version-history":[{"count":1,"href":"https:\/\/zonaroja.com.mx\/index.php?rest_route=\/wp\/v2\/posts\/30575\/revisions"}],"predecessor-version":[{"id":30578,"href":"https:\/\/zonaroja.com.mx\/index.php?rest_route=\/wp\/v2\/posts\/30575\/revisions\/30578"}],"wp:featuredmedia":[{"embeddable":true,"href":"https:\/\/zonaroja.com.mx\/index.php?rest_route=\/wp\/v2\/media\/30577"}],"wp:attachment":[{"href":"https:\/\/zonaroja.com.mx\/index.php?rest_route=%2Fwp%2Fv2%2Fmedia&parent=30575"}],"wp:term":[{"taxonomy":"category","embeddable":true,"href":"https:\/\/zonaroja.com.mx\/index.php?rest_route=%2Fwp%2Fv2%2Fcategories&post=30575"},{"taxonomy":"post_tag","embeddable":true,"href":"https:\/\/zonaroja.com.mx\/index.php?rest_route=%2Fwp%2Fv2%2Ftags&post=30575"}],"curies":[{"name":"wp","href":"https:\/\/api.w.org\/{rel}","templated":true}]}}