{"id":30579,"date":"2021-08-05T22:24:39","date_gmt":"2021-08-06T03:24:39","guid":{"rendered":"http:\/\/www.zonaroja.com.mx\/?p=30579"},"modified":"2021-08-06T07:55:18","modified_gmt":"2021-08-06T12:55:18","slug":"ingresan-a-bebe-a-hospital-en-oaxaca-y-se-contagia-de-covid-ante-falta-de-protocolos","status":"publish","type":"post","link":"https:\/\/zonaroja.com.mx\/?p=30579","title":{"rendered":"Ingresan a beb\u00e9 a hospital en Oaxaca y se contagia de Covid ante falta de protocolos"},"content":{"rendered":"\n<p>Redacci\u00f3n\/Zona Roja Cdmx.<\/p>\n\n\n\n<p>Ciudad de M\u00e9xico, 5 de agosto de 2021.- Ante la falta de protocolos en el Hospital General de Pochutla, en Oaxaca, un beb\u00e9 de tan s\u00f3lo dos meses de edad se encuentra grave tras haberse contagiado de covid-19 adentro de dicho lugar.<\/p>\n\n\n\n<p>Daniela, su madre, una joven de 19 a\u00f1os, esperaba sentada frente al hospital el estado cl\u00ednico de su beb\u00e9. Se cubr\u00eda del sol con una l\u00e1mina de metal.<\/p>\n\n\n\n<p>Con la cara triste y preocupada, ven\u00eda del municipio Huatulco, a una hora del lugar, para saber c\u00f3mo estaba su hijo.<\/p>\n\n\n\n<p>Su beb\u00e9 entr\u00f3 a este lugar por una \u201cbolita en los test\u00edculos\u201d; cuatro d\u00edas despu\u00e9s le dijeron que ten\u00eda covid-19.<\/p>\n\n\n\n<p>\u201cMi beb\u00e9 es muy peque\u00f1o, tiene dos meses y no lo he visto. Me dicen que est\u00e1 muy grave, primero me dijeron que ten\u00eda cardiopat\u00eda y ahora salen que est\u00e1 grave por covid-19. No comprendo qu\u00e9 fue lo qu\u00e9 pas\u00f3\u201d, dijo a MILENIO.<\/p>\n\n\n\n<p>Ella se tuvo que hacer una prueba de coronavirus para saber si habr\u00eda contagi\u00f3 a su hijo, lo cual fue descartado, pues sali\u00f3 negativa, por lo que asegura que su peque\u00f1o se contagi\u00f3 adentro del hospital.<\/p>\n\n\n\n<p>\u201cNo le he podido dar de comer, el todav\u00eda necesita pecho. Dicen que le est\u00e1n dando suero, pero que se encuentra muy grave\u201d, recalc\u00f3.<\/p>\n\n\n\n<p>Ella es de bajos recursos, su esposo se qued\u00f3 sin trabajo por la pandemia y su \u00fanica esperanza es que su madre, quien la ha apoyado durante este proceso, no la desampare en estos momentos dif\u00edciles.<\/p>\n\n\n\n<p>OTRO CASO<\/p>\n\n\n\n<p>Antes de morir, Gema contagi\u00f3 de Covid-19 a su hija de 9 a\u00f1os. Tras una ventanilla, le avisaron a Clara que su t\u00eda hab\u00eda fallecido por Covid-19.<\/p>\n\n\n\n<p>Se trata Gema, una mujer de 49 a\u00f1os que llevaba enferma una semana y su oxigenaci\u00f3n hab\u00eda estado en 35 por ciento.<\/p>\n\n\n\n<p>Fue internada la noche de este martes en el Hospital General de Pochutla, Oaxaca.<\/p>\n\n\n\n<p>MILENIO platic\u00f3 con la familia, quienes con l\u00e1grimas en los ojos, detallaron que el no realizarle una prueba que detectara si ella ten\u00eda Covid-19, fue el causante de hoy ella falleciera.<\/p>\n\n\n\n<p>\u201cAyer la int\u00e9rnanos porque ya ven\u00eda mal, las cl\u00ednicas que est\u00e1n en Huatulco, no nos quieren atender si tenemos s\u00edntomas de Covid. Ella se trat\u00f3 en un particular pero no le hicieron la prueba. Se agrav\u00f3 y hoy est\u00e1 muerta\u201d, dijo Irma, hermana de Gema.<\/p>\n\n\n\n<p>Esta mujer dej\u00f3 a su hija de 9 a\u00f1os contagiada y aislada en casa. Sus familiares no sab\u00edan c\u00f3mo darle la noticia. \u201cGema vend\u00eda pollos en la comunidad, es posible que ah\u00ed haya enfermado. Ahorita su hija est\u00e1 en casa contagiada. Nos har\u00e1 falta mi hermana\u201d, extern\u00f3 con l\u00e1grimas. MILENIO intent\u00f3 entrevistar al subdirector del hospital para saber cu\u00e1l era la situaci\u00f3n por la que pasaban, sin embargo, \u00e9ste se neg\u00f3 a dar una postura, por lo que s\u00f3lo el guardia de seguridad de este nosocomio confirm\u00f3 que el centro m\u00e9dico se encuentra sin camas para atenci\u00f3n a pacientes covid-19.<\/p>\n","protected":false},"excerpt":{"rendered":"<p>Redacci\u00f3n\/Zona Roja Cdmx. Ciudad de M\u00e9xico, 5 de agosto de 2021.- Ante la falta de&hellip;<\/p>\n","protected":false},"author":2,"featured_media":29744,"comment_status":"closed","ping_status":"open","sticky":false,"template":"","format":"standard","meta":{"_lmt_disableupdate":"","_lmt_disable":"","_jetpack_memberships_contains_paid_content":false,"footnotes":""},"categories":[109,47],"tags":[1605],"class_list":["post-30579","post","type-post","status-publish","format-standard","has-post-thumbnail","hentry","category-minuto-a-minuto","category-zona-gris","tag-hospital-san-pedro-pochutla"],"jetpack_featured_media_url":"https:\/\/zonaroja.com.mx\/wp-content\/uploads\/2021\/07\/Hospital-Pochutla.jpg","jetpack_sharing_enabled":true,"_links":{"self":[{"href":"https:\/\/zonaroja.com.mx\/index.php?rest_route=\/wp\/v2\/posts\/30579","targetHints":{"allow":["GET"]}}],"collection":[{"href":"https:\/\/zonaroja.com.mx\/index.php?rest_route=\/wp\/v2\/posts"}],"about":[{"href":"https:\/\/zonaroja.com.mx\/index.php?rest_route=\/wp\/v2\/types\/post"}],"author":[{"embeddable":true,"href":"https:\/\/zonaroja.com.mx\/index.php?rest_route=\/wp\/v2\/users\/2"}],"replies":[{"embeddable":true,"href":"https:\/\/zonaroja.com.mx\/index.php?rest_route=%2Fwp%2Fv2%2Fcomments&post=30579"}],"version-history":[{"count":1,"href":"https:\/\/zonaroja.com.mx\/index.php?rest_route=\/wp\/v2\/posts\/30579\/revisions"}],"predecessor-version":[{"id":30580,"href":"https:\/\/zonaroja.com.mx\/index.php?rest_route=\/wp\/v2\/posts\/30579\/revisions\/30580"}],"wp:featuredmedia":[{"embeddable":true,"href":"https:\/\/zonaroja.com.mx\/index.php?rest_route=\/wp\/v2\/media\/29744"}],"wp:attachment":[{"href":"https:\/\/zonaroja.com.mx\/index.php?rest_route=%2Fwp%2Fv2%2Fmedia&parent=30579"}],"wp:term":[{"taxonomy":"category","embeddable":true,"href":"https:\/\/zonaroja.com.mx\/index.php?rest_route=%2Fwp%2Fv2%2Fcategories&post=30579"},{"taxonomy":"post_tag","embeddable":true,"href":"https:\/\/zonaroja.com.mx\/index.php?rest_route=%2Fwp%2Fv2%2Ftags&post=30579"}],"curies":[{"name":"wp","href":"https:\/\/api.w.org\/{rel}","templated":true}]}}