{"id":30584,"date":"2021-08-06T07:56:54","date_gmt":"2021-08-06T12:56:54","guid":{"rendered":"http:\/\/www.zonaroja.com.mx\/?p=30584"},"modified":"2021-08-06T07:56:57","modified_gmt":"2021-08-06T12:56:57","slug":"ante-fracaso-de-segego-y-segob-reinstalan-triquis-planton-en-cdmx","status":"publish","type":"post","link":"https:\/\/zonaroja.com.mx\/?p=30584","title":{"rendered":"Ante fracaso de Segego y Segob, reinstalan triquis \u201cplant\u00f3n\u201d en Cdmx"},"content":{"rendered":"\n<p>Redacci\u00f3n\/Zona Roja.<\/p>\n\n\n\n<p>Oaxaca de Ju\u00e1rez, Oax., 6 de agosto de 2021.- Ante el fracaso de la Secretar\u00eda General de Gobierno de Oaxaca (Segego) y de la Secretar\u00eda de Gobernaci\u00f3n (Segob), ind\u00edgenas triquis de Tierra Blanca Copala, reinstalaron anoche su \u201cplant\u00f3n\u201d en la Ciudad de M\u00e9xico.<\/p>\n\n\n\n<p>Adem\u00e1s, prev\u00e9n regresar este fin de iniciar a la capital del estado y realizar movilizaciones, debido a que no se concret\u00f3 el plan de retorno a dicha comunidad, ante el insuficiente di\u00e1logo por parte de las autoridades estatales y federales con el Movimiento de Unificaci\u00f3n y Lucha Triqui (MULT), con la diputada federal suplente Emelia Ortiz, que encabez\u00f3 el rechazo al ingreso a la comunidad.<\/p>\n\n\n\n<p>En un comunicado, el Movimiento de Unificaci\u00f3n y Lucha Independiente (MULTI) calific\u00f3 como fallido el intento de retorno de los desplazados a Tierra Blanca Copala.<\/p>\n\n\n\n<p>\u201cLos funcionarios de la Segego y la Segob acordaron que se volver\u00eda a intentar el retorno de los desplazados, pero a la fecha esto no se ha llevado a cabo\u201d, detall\u00f3.<\/p>\n\n\n\n<p>Ante ello, exigi\u00f3 a las autoridades hacer valer el Estado de Derecho en la zona triqui, pues \u201cno es posible que un grupo criminal como el MULT est\u00e9 por encima de la ley, asesine, desplace, niegue el retorno a desplazados, incumpliendo acuerdos\u201d.<\/p>\n\n\n\n<p>Reiter\u00f3 que los desplazados han demostrado voluntad para levantar sus \u201cplantones\u201d en Oaxaca y en la Ciudad de M\u00e9xico, confiados en que se aplicar\u00eda el plan de retorno, lo cual no sucedi\u00f3.<\/p>\n\n\n\n<p>Por ello, desde anoche se instalaron en plant\u00f3n en la capital del pa\u00eds, en inmediaciones del Palacio de Bellas Artes, y en la siguiente semana prev\u00e9n instalarse en la ciudad de Oaxaca.<\/p>\n","protected":false},"excerpt":{"rendered":"<p>Redacci\u00f3n\/Zona Roja. Oaxaca de Ju\u00e1rez, Oax., 6 de agosto de 2021.- Ante el fracaso de&hellip;<\/p>\n","protected":false},"author":2,"featured_media":23758,"comment_status":"closed","ping_status":"open","sticky":false,"template":"","format":"standard","meta":{"_lmt_disableupdate":"","_lmt_disable":"","_jetpack_memberships_contains_paid_content":false,"footnotes":""},"categories":[109,47],"tags":[1712],"class_list":["post-30584","post","type-post","status-publish","format-standard","has-post-thumbnail","hentry","category-minuto-a-minuto","category-zona-gris","tag-tierra-blanca-copala"],"jetpack_featured_media_url":"https:\/\/zonaroja.com.mx\/wp-content\/uploads\/2021\/02\/Tierra-Blanca-Copala.jpg","jetpack_sharing_enabled":true,"_links":{"self":[{"href":"https:\/\/zonaroja.com.mx\/index.php?rest_route=\/wp\/v2\/posts\/30584","targetHints":{"allow":["GET"]}}],"collection":[{"href":"https:\/\/zonaroja.com.mx\/index.php?rest_route=\/wp\/v2\/posts"}],"about":[{"href":"https:\/\/zonaroja.com.mx\/index.php?rest_route=\/wp\/v2\/types\/post"}],"author":[{"embeddable":true,"href":"https:\/\/zonaroja.com.mx\/index.php?rest_route=\/wp\/v2\/users\/2"}],"replies":[{"embeddable":true,"href":"https:\/\/zonaroja.com.mx\/index.php?rest_route=%2Fwp%2Fv2%2Fcomments&post=30584"}],"version-history":[{"count":1,"href":"https:\/\/zonaroja.com.mx\/index.php?rest_route=\/wp\/v2\/posts\/30584\/revisions"}],"predecessor-version":[{"id":30585,"href":"https:\/\/zonaroja.com.mx\/index.php?rest_route=\/wp\/v2\/posts\/30584\/revisions\/30585"}],"wp:featuredmedia":[{"embeddable":true,"href":"https:\/\/zonaroja.com.mx\/index.php?rest_route=\/wp\/v2\/media\/23758"}],"wp:attachment":[{"href":"https:\/\/zonaroja.com.mx\/index.php?rest_route=%2Fwp%2Fv2%2Fmedia&parent=30584"}],"wp:term":[{"taxonomy":"category","embeddable":true,"href":"https:\/\/zonaroja.com.mx\/index.php?rest_route=%2Fwp%2Fv2%2Fcategories&post=30584"},{"taxonomy":"post_tag","embeddable":true,"href":"https:\/\/zonaroja.com.mx\/index.php?rest_route=%2Fwp%2Fv2%2Ftags&post=30584"}],"curies":[{"name":"wp","href":"https:\/\/api.w.org\/{rel}","templated":true}]}}