{"id":30586,"date":"2021-08-06T08:42:08","date_gmt":"2021-08-06T13:42:08","guid":{"rendered":"http:\/\/www.zonaroja.com.mx\/?p=30586"},"modified":"2021-08-06T08:42:11","modified_gmt":"2021-08-06T13:42:11","slug":"buscan-contratar-asesores-externos-especializados-en-idioma-ingles","status":"publish","type":"post","link":"https:\/\/zonaroja.com.mx\/?p=30586","title":{"rendered":"Buscan contratar asesores externos especializados en idioma ingl\u00e9s"},"content":{"rendered":"\n<p>Redacci\u00f3n\/Zona Roja.<\/p>\n\n\n\n<p>Oaxaca de Ju\u00e1rez, Oax., 6 de agosto de 2021.- El Instituto Estatal de Educaci\u00f3n P\u00fablica de Oaxaca (IEEPO), a trav\u00e9s de la Subdirecci\u00f3n General de Servicios Educativos, en coordinaci\u00f3n con la representaci\u00f3n estatal del Programa Nacional de Ingl\u00e9s (Proni), convocan a graduados de instituciones de Nivel Superior con validez oficial, a participar en el proceso de selecci\u00f3n de Asesores Externos Especializados en la ense\u00f1anza de la Lengua Extranjera Ingl\u00e9s, para alumnos de preescolar y primaria en escuelas p\u00fablicas.<\/p>\n\n\n\n<p>El director general del IEEPO, Francisco \u00c1ngel Villarreal, impulsa acciones encaminadas a que las y los escolares oaxaque\u00f1os de educaci\u00f3n b\u00e1sica cuenten con una formaci\u00f3n completa y accedan a servicios educativos en el dominio del idioma ingl\u00e9s, por lo que a trav\u00e9s de esta convocatoria promueve la participaci\u00f3n de profesionistas para la ense\u00f1anza de ese idioma.<\/p>\n\n\n\n<p>Los participantes que sean seleccionados fungir\u00e1n como prestadores de Apoyo Voluntario como Asesores Externos Especializados en idioma ingl\u00e9s, apoyando a la implementaci\u00f3n de su ense\u00f1anza en grupos de tercero de preescolar a sexto de Primaria. El periodo de apoyo ser\u00e1 el que se determine en las Cl\u00e1usulas de Servicio del Asesor Externo Especializado 2021.<\/p>\n\n\n\n<p>De acuerdo con la convocatoria, las y los interesados deben contar con t\u00edtulo de&nbsp; nivel licenciatura o estudios superiores en \u00e1rea de ense\u00f1anza, educaci\u00f3n, pedagog\u00eda o \u00e1rea af\u00edn y experiencia en ense\u00f1anza en la educaci\u00f3n b\u00e1sica comprobable m\u00ednimo de tres a\u00f1os.<\/p>\n\n\n\n<p>As\u00ed tambi\u00e9n, certificaci\u00f3n del nivel del idioma m\u00ednimo un novel por encima del ciclo que impartir\u00e1 de acuerdo al MCER: Ciclo I y II: B1, y Ciclo III: B2, conocimiento de los \u00faltimos planes y programas de estudio que se han implementado en Educaci\u00f3n B\u00e1sica y dominio del enfoque de ense\u00f1anza del programa de estudio vigente de la asignatura lengua extranjera ingl\u00e9s, basado en pr\u00e1cticas sociales del lenguaje.<\/p>\n\n\n\n<p>Para participar en esta convocatoria, las y los aspirantes deber\u00e1n enviar a la Coordinaci\u00f3n del Proni, en formato digital (PDF), documentos como: Curr\u00edculum Vitae con los archivos que comprueben la experiencia profesional y preparaci\u00f3n acad\u00e9mica (en una sola p\u00e1gina), identificaci\u00f3n oficial vigente, copia de Acta de Nacimiento, Clave \u00danica de Registro de Poblaci\u00f3n, copia de t\u00edtulo y c\u00e9dula as\u00ed como certificaci\u00f3n internacional del nivel de dominio del idioma ingl\u00e9s, entre otros.<\/p>\n\n\n\n<p>Quienes hayan participado en periodos anteriores, tendr\u00e1n que cumplir con los requisitos de la convocatoria y contar con status positivo para ser considerados. La entrega de la documentaci\u00f3n se debe enviar a los siguientes correos de acuerdo a la regi\u00f3n del aspirante: pronivalles2021@gmail.com; pronituxtepec@gmail.com; proni.mixteca@gmail.com; proni.sierra@gmail.com; proni.istmo@gmail.com y proni18c@gmail.com este \u00faltimo en el caso de la Ca\u00f1ada.<\/p>\n\n\n\n<p>Para mayor informaci\u00f3n consultar la p\u00e1gina web institucional del IEEPO: https:\/\/www.oaxaca.gob.mx\/ieepo, en el&nbsp; apartado de convocatorias y directamente en el enlace https:\/\/www.oaxaca.gob.mx\/ieepo\/proceso-de-seleccion-de-asesores-externos-especializados-en-al-ensenanza-de-la-lengua-extranjera-ingles-2\/.<\/p>\n","protected":false},"excerpt":{"rendered":"<p>Redacci\u00f3n\/Zona Roja. Oaxaca de Ju\u00e1rez, Oax., 6 de agosto de 2021.- El Instituto Estatal de&hellip;<\/p>\n","protected":false},"author":2,"featured_media":30587,"comment_status":"closed","ping_status":"open","sticky":false,"template":"","format":"standard","meta":{"_lmt_disableupdate":"","_lmt_disable":"","_jetpack_memberships_contains_paid_content":false,"footnotes":""},"categories":[109,46],"tags":[2837],"class_list":["post-30586","post","type-post","status-publish","format-standard","has-post-thumbnail","hentry","category-minuto-a-minuto","category-zona-blanca","tag-instituto-estatal-de-educacion-publica-de-oaxaca-ieepo"],"jetpack_featured_media_url":"https:\/\/zonaroja.com.mx\/wp-content\/uploads\/2021\/08\/IEEPO-2-1.jpeg","jetpack_sharing_enabled":true,"_links":{"self":[{"href":"https:\/\/zonaroja.com.mx\/index.php?rest_route=\/wp\/v2\/posts\/30586","targetHints":{"allow":["GET"]}}],"collection":[{"href":"https:\/\/zonaroja.com.mx\/index.php?rest_route=\/wp\/v2\/posts"}],"about":[{"href":"https:\/\/zonaroja.com.mx\/index.php?rest_route=\/wp\/v2\/types\/post"}],"author":[{"embeddable":true,"href":"https:\/\/zonaroja.com.mx\/index.php?rest_route=\/wp\/v2\/users\/2"}],"replies":[{"embeddable":true,"href":"https:\/\/zonaroja.com.mx\/index.php?rest_route=%2Fwp%2Fv2%2Fcomments&post=30586"}],"version-history":[{"count":1,"href":"https:\/\/zonaroja.com.mx\/index.php?rest_route=\/wp\/v2\/posts\/30586\/revisions"}],"predecessor-version":[{"id":30588,"href":"https:\/\/zonaroja.com.mx\/index.php?rest_route=\/wp\/v2\/posts\/30586\/revisions\/30588"}],"wp:featuredmedia":[{"embeddable":true,"href":"https:\/\/zonaroja.com.mx\/index.php?rest_route=\/wp\/v2\/media\/30587"}],"wp:attachment":[{"href":"https:\/\/zonaroja.com.mx\/index.php?rest_route=%2Fwp%2Fv2%2Fmedia&parent=30586"}],"wp:term":[{"taxonomy":"category","embeddable":true,"href":"https:\/\/zonaroja.com.mx\/index.php?rest_route=%2Fwp%2Fv2%2Fcategories&post=30586"},{"taxonomy":"post_tag","embeddable":true,"href":"https:\/\/zonaroja.com.mx\/index.php?rest_route=%2Fwp%2Fv2%2Ftags&post=30586"}],"curies":[{"name":"wp","href":"https:\/\/api.w.org\/{rel}","templated":true}]}}