{"id":30592,"date":"2021-08-06T09:05:16","date_gmt":"2021-08-06T14:05:16","guid":{"rendered":"http:\/\/www.zonaroja.com.mx\/?p=30592"},"modified":"2021-08-06T09:05:19","modified_gmt":"2021-08-06T14:05:19","slug":"asesinan-a-individuo-cerca-de-minera-en-san-jose-del-progreso","status":"publish","type":"post","link":"https:\/\/zonaroja.com.mx\/?p=30592","title":{"rendered":"Asesinan a individuo cerca de minera en San Jos\u00e9 del Progreso"},"content":{"rendered":"\n<p>Redacci\u00f3n\/Zona Roja.<\/p>\n\n\n\n<p>Oaxaca de Ju\u00e1rez, Oax., 6 de agosto de 2021.- Una persona del sexo masculino fue asesinada ayer por la tarde cerca de la minera \u201cCuzcatl\u00e1n\u201d, en jurisdicci\u00f3n de San Jos\u00e9 del Progreso, municipio del distrito de Ocotl\u00e1n, Oaxaca.<\/p>\n\n\n\n<p>De acuerdo con los primeros informes, el suceso se registr\u00f3 en la calle Uni\u00f3n y Progreso, donde los vecinos reportaron detonaciones de arma de fuego.<\/p>\n\n\n\n<p>La v\u00edctima fue identificada de manera preliminar como Saddan Iv\u00e1n A. A., de 29 a\u00f1os de edad, y era originario del estado de Sinaloa; al parecer, laboraba en la minera \u201cCuzcatl\u00e1n\u201d.<\/p>\n\n\n\n<p>Peritos y agentes de la Fiscal\u00eda General del Estado de Oaxaca indagan si el crimen est\u00e1 relacionado con el conflicto que ha enfrentado la minera desde hace m\u00e1s de una d\u00e9cada, por la oposici\u00f3n de comunidades de la zona.<\/p>\n","protected":false},"excerpt":{"rendered":"<p>Redacci\u00f3n\/Zona Roja. Oaxaca de Ju\u00e1rez, Oax., 6 de agosto de 2021.- Una persona del sexo&hellip;<\/p>\n","protected":false},"author":2,"featured_media":29993,"comment_status":"closed","ping_status":"open","sticky":false,"template":"","format":"standard","meta":{"_lmt_disableupdate":"","_lmt_disable":"","_jetpack_memberships_contains_paid_content":false,"footnotes":""},"categories":[109,51],"tags":[578],"class_list":["post-30592","post","type-post","status-publish","format-standard","has-post-thumbnail","hentry","category-minuto-a-minuto","category-zona-roja","tag-san-jose-del-progreso"],"jetpack_featured_media_url":"https:\/\/zonaroja.com.mx\/wp-content\/uploads\/2021\/07\/Escena-balazos.jpg","jetpack_sharing_enabled":true,"_links":{"self":[{"href":"https:\/\/zonaroja.com.mx\/index.php?rest_route=\/wp\/v2\/posts\/30592","targetHints":{"allow":["GET"]}}],"collection":[{"href":"https:\/\/zonaroja.com.mx\/index.php?rest_route=\/wp\/v2\/posts"}],"about":[{"href":"https:\/\/zonaroja.com.mx\/index.php?rest_route=\/wp\/v2\/types\/post"}],"author":[{"embeddable":true,"href":"https:\/\/zonaroja.com.mx\/index.php?rest_route=\/wp\/v2\/users\/2"}],"replies":[{"embeddable":true,"href":"https:\/\/zonaroja.com.mx\/index.php?rest_route=%2Fwp%2Fv2%2Fcomments&post=30592"}],"version-history":[{"count":1,"href":"https:\/\/zonaroja.com.mx\/index.php?rest_route=\/wp\/v2\/posts\/30592\/revisions"}],"predecessor-version":[{"id":30593,"href":"https:\/\/zonaroja.com.mx\/index.php?rest_route=\/wp\/v2\/posts\/30592\/revisions\/30593"}],"wp:featuredmedia":[{"embeddable":true,"href":"https:\/\/zonaroja.com.mx\/index.php?rest_route=\/wp\/v2\/media\/29993"}],"wp:attachment":[{"href":"https:\/\/zonaroja.com.mx\/index.php?rest_route=%2Fwp%2Fv2%2Fmedia&parent=30592"}],"wp:term":[{"taxonomy":"category","embeddable":true,"href":"https:\/\/zonaroja.com.mx\/index.php?rest_route=%2Fwp%2Fv2%2Fcategories&post=30592"},{"taxonomy":"post_tag","embeddable":true,"href":"https:\/\/zonaroja.com.mx\/index.php?rest_route=%2Fwp%2Fv2%2Ftags&post=30592"}],"curies":[{"name":"wp","href":"https:\/\/api.w.org\/{rel}","templated":true}]}}