{"id":30594,"date":"2021-08-06T11:59:56","date_gmt":"2021-08-06T16:59:56","guid":{"rendered":"https:\/\/www.zonaroja.com.mx\/?p=30594"},"modified":"2021-08-06T12:00:01","modified_gmt":"2021-08-06T17:00:01","slug":"garantiza-sspo-derecho-a-la-salud-en-los-centros-penitenciarios-del-estado","status":"publish","type":"post","link":"https:\/\/zonaroja.com.mx\/?p=30594","title":{"rendered":"Garantiza SSPO derecho a la salud en los Centros Penitenciarios del estado"},"content":{"rendered":"\n<p>Redacci\u00f3n\/Estado 20. <\/p>\n\n\n\n<p>Oaxaca de Ju\u00e1rez, Oax., 6 de agosto de 2021.- Con el prop\u00f3sito de garantizar el derecho a la salud de la poblaci\u00f3n penitenciaria, la Secretar\u00eda de Seguridad P\u00fablica de Oaxaca (SSPO), a trav\u00e9s de la Subsecretar\u00eda de Prevenci\u00f3n y Reinserci\u00f3n Social (SPRS), realiz\u00f3 la Brigada M\u00e9dica de Valley Vinerayd en el Centro Penitenciario Varonil Tanivet.<\/p>\n\n\n\n<p>En dicha brigada, las Personas Privadas de Libertad (PPL) recibieron atenci\u00f3n odontol\u00f3gica, oftalmol\u00f3gica y de medicina en general, con el objetivo de prevenir enfermedades y brindar la atenci\u00f3n adecuada e inmediata a quienes lo requieran.<\/p>\n\n\n\n<p>Asimismo, y dando cumplimiento a las instrucciones del titular de esta dependencia, Helidoro D\u00edaz Esc\u00e1rraga, as\u00ed como, del subsecretario de Prevenci\u00f3n y Reinserci\u00f3n Social, Jacobo Olaf Rodr\u00edguez Garc\u00eda, se materializan diversas jornadas preventivas de salud, por lo que las PPL cuentan con un acceso oportuno, peri\u00f3dico y gratuito de referidos servicios.<\/p>\n\n\n\n<p>Es importante mencionar que, desde el inicio de la contingencia sanitaria por Covid-19, se mantienen las medidas preventivas, para evitar contagios dentro de los Centros Penitenciarios y en la Direcci\u00f3n de Ejecuci\u00f3n de Medidas para Adolescentes (DEMA), salvaguardando la integridad y salud de las PPL, de sus familias y del personal penitenciario.<\/p>\n\n\n\n<p>Es as\u00ed como la SSPO, redobla esfuerzos para disminuir posibles enfermedades entre la poblaci\u00f3n penitenciaria, acordes a uno de los Ejes Rectores del Modelo Integral de Reinserci\u00f3n Social.<\/p>\n","protected":false},"excerpt":{"rendered":"<p>Redacci\u00f3n\/Estado 20. Oaxaca de Ju\u00e1rez, Oax., 6 de agosto de 2021.- Con el prop\u00f3sito de&hellip;<\/p>\n","protected":false},"author":2,"featured_media":23189,"comment_status":"closed","ping_status":"open","sticky":false,"template":"","format":"standard","meta":{"_lmt_disableupdate":"","_lmt_disable":"","_jetpack_memberships_contains_paid_content":false,"footnotes":""},"categories":[109,46],"tags":[],"class_list":["post-30594","post","type-post","status-publish","format-standard","has-post-thumbnail","hentry","category-minuto-a-minuto","category-zona-blanca"],"jetpack_featured_media_url":"https:\/\/zonaroja.com.mx\/wp-content\/uploads\/2021\/02\/Seguridad-penitenciaria-reclusorios.jpg","jetpack_sharing_enabled":true,"_links":{"self":[{"href":"https:\/\/zonaroja.com.mx\/index.php?rest_route=\/wp\/v2\/posts\/30594","targetHints":{"allow":["GET"]}}],"collection":[{"href":"https:\/\/zonaroja.com.mx\/index.php?rest_route=\/wp\/v2\/posts"}],"about":[{"href":"https:\/\/zonaroja.com.mx\/index.php?rest_route=\/wp\/v2\/types\/post"}],"author":[{"embeddable":true,"href":"https:\/\/zonaroja.com.mx\/index.php?rest_route=\/wp\/v2\/users\/2"}],"replies":[{"embeddable":true,"href":"https:\/\/zonaroja.com.mx\/index.php?rest_route=%2Fwp%2Fv2%2Fcomments&post=30594"}],"version-history":[{"count":1,"href":"https:\/\/zonaroja.com.mx\/index.php?rest_route=\/wp\/v2\/posts\/30594\/revisions"}],"predecessor-version":[{"id":30595,"href":"https:\/\/zonaroja.com.mx\/index.php?rest_route=\/wp\/v2\/posts\/30594\/revisions\/30595"}],"wp:featuredmedia":[{"embeddable":true,"href":"https:\/\/zonaroja.com.mx\/index.php?rest_route=\/wp\/v2\/media\/23189"}],"wp:attachment":[{"href":"https:\/\/zonaroja.com.mx\/index.php?rest_route=%2Fwp%2Fv2%2Fmedia&parent=30594"}],"wp:term":[{"taxonomy":"category","embeddable":true,"href":"https:\/\/zonaroja.com.mx\/index.php?rest_route=%2Fwp%2Fv2%2Fcategories&post=30594"},{"taxonomy":"post_tag","embeddable":true,"href":"https:\/\/zonaroja.com.mx\/index.php?rest_route=%2Fwp%2Fv2%2Ftags&post=30594"}],"curies":[{"name":"wp","href":"https:\/\/api.w.org\/{rel}","templated":true}]}}