{"id":30599,"date":"2021-08-06T13:33:52","date_gmt":"2021-08-06T18:33:52","guid":{"rendered":"http:\/\/www.zonaroja.com.mx\/?p=30599"},"modified":"2021-08-06T13:33:57","modified_gmt":"2021-08-06T18:33:57","slug":"asegura-el-coneval-que-oaxaca-logro-reduccion-de-niveles-de-pobreza","status":"publish","type":"post","link":"https:\/\/zonaroja.com.mx\/?p=30599","title":{"rendered":"Asegura el Coneval que Oaxaca logr\u00f3 reducci\u00f3n de niveles de pobreza"},"content":{"rendered":"\n<p>Evlin Arag\u00f3n\/Zona Roja.<\/p>\n\n\n\n<p>Oaxaca de Ju\u00e1rez, Oax., 6 de agosto de 2021.- Entre 2018 y 2020, Oaxaca registr\u00f3 cifras a la baja en torno al porcentaje de pobreza, pobreza moderada y pobreza extrema de acuerdo con el Consejo Nacional de Evaluaci\u00f3n de la Pol\u00edtica de Desarrollo Social (Coneval).<\/p>\n\n\n\n<p>Conforme a la medici\u00f3n multidimensional de la pobreza, la entidad oaxaque\u00f1a tuvo una reducci\u00f3n m\u00ednima en torno al porcentaje de poblaci\u00f3n en situaci\u00f3n de pobreza pasando de 64.3 a 61.7 por ciento, misma que se traduce en cinco mil 500 personas.&nbsp;<\/p>\n\n\n\n<p>Mientras que, en pobreza moderada, aunque el porcentaje paso de 42.6 a 41.0 por cierto, la cifra en total de personas no disminuy\u00f3 y por el contrario pas\u00f3 de un mill\u00f3n 707 mil 100 a un mill\u00f3n 709 mil 400.&nbsp;<\/p>\n\n\n\n<p>Finalmente, en pobreza extrema Oaxaca s\u00ed logr\u00f3 una reducci\u00f3n m\u00ednima pasando de 21.7 a 20.6 por ciento, cifra que se traduce en siete mil 800 personas que salieron de esta condici\u00f3n del 2018 al 2020.<\/p>\n\n\n\n<p>Al respecto, la poblaci\u00f3n vulnerable por ingresos paso de 2.9 a 2.4 por ciento; y la poblaci\u00f3n no pobre y no vulnerable de 9.4 a 10.7.&nbsp;<\/p>\n\n\n\n<p>En tanto, la entidad presenta un aumento en el porcentaje de poblaci\u00f3n con al menos tres carencias sociales como la educaci\u00f3n, salud, seguridad social, vivienda, servicios b\u00e1sicos y alimentaci\u00f3n, pasando de 48.6 por ciento en el 2018 a 50.8 por ciento en el 2020.<\/p>\n\n\n\n<p>La carencia por acceso a los servicios de salud creci\u00f3 y paso de un 16.3 a 36.9 por ciento, cifra que se traduce en un mill\u00f3n 538 mil 900 oaxaque\u00f1as y oaxaque\u00f1os que, en plena pandemia, no contaron con atenci\u00f3n m\u00e9dica p\u00fablica.&nbsp;<\/p>\n\n\n\n<p>As\u00ed mismo, en el acceso a la alimentaci\u00f3n nutritiva y de calidad las cifras pasaron de 32.0 a 33.3 por ciento, traducidas en un mill\u00f3n 386 mil 200 personas en dicha condici\u00f3n.&nbsp;<\/p>\n\n\n\n<p>En los indicadores de rezago educativo no hay cambios y la entidad se mantiene en 29.6 por ciento; mientras que las carencias por seguridad social, vivienda y servicios b\u00e1sicos en la vivienda si tuvieron una ligera reducci\u00f3n.<\/p>\n\n\n\n<p>En torno al bienestar econ\u00f3mico la poblaci\u00f3n con ingreso inferior a la l\u00ednea de pobreza extrema por ingresos paso de 30.4 a 28.7 por ciento; y la poblaci\u00f3n con ingreso inferior a la l\u00ednea de pobreza por ingreso de 67.2 a 64.1 por ciento.&nbsp;<\/p>\n\n\n\n<p>De manera general en el pa\u00eds, el porcentaje de la poblaci\u00f3n en situaci\u00f3n de pobreza aument\u00f3 de 41.9 a 43.9 por ciento, mientras que el n\u00famero de personas en esta situaci\u00f3n pas\u00f3 de 51.9 a 55.7 millones.&nbsp;<\/p>\n","protected":false},"excerpt":{"rendered":"<p>Evlin Arag\u00f3n\/Zona Roja. Oaxaca de Ju\u00e1rez, Oax., 6 de agosto de 2021.- Entre 2018 y&hellip;<\/p>\n","protected":false},"author":2,"featured_media":22988,"comment_status":"closed","ping_status":"open","sticky":false,"template":"","format":"standard","meta":{"_lmt_disableupdate":"","_lmt_disable":"","_jetpack_memberships_contains_paid_content":false,"footnotes":""},"categories":[109,46],"tags":[1863],"class_list":["post-30599","post","type-post","status-publish","format-standard","has-post-thumbnail","hentry","category-minuto-a-minuto","category-zona-blanca","tag-consejo-nacional-de-evaluacion-de-la-politica-de-desarrollo-social-coneval"],"jetpack_featured_media_url":"https:\/\/zonaroja.com.mx\/wp-content\/uploads\/2021\/01\/Pobreza-en-Mexico.jpg","jetpack_sharing_enabled":true,"_links":{"self":[{"href":"https:\/\/zonaroja.com.mx\/index.php?rest_route=\/wp\/v2\/posts\/30599","targetHints":{"allow":["GET"]}}],"collection":[{"href":"https:\/\/zonaroja.com.mx\/index.php?rest_route=\/wp\/v2\/posts"}],"about":[{"href":"https:\/\/zonaroja.com.mx\/index.php?rest_route=\/wp\/v2\/types\/post"}],"author":[{"embeddable":true,"href":"https:\/\/zonaroja.com.mx\/index.php?rest_route=\/wp\/v2\/users\/2"}],"replies":[{"embeddable":true,"href":"https:\/\/zonaroja.com.mx\/index.php?rest_route=%2Fwp%2Fv2%2Fcomments&post=30599"}],"version-history":[{"count":1,"href":"https:\/\/zonaroja.com.mx\/index.php?rest_route=\/wp\/v2\/posts\/30599\/revisions"}],"predecessor-version":[{"id":30600,"href":"https:\/\/zonaroja.com.mx\/index.php?rest_route=\/wp\/v2\/posts\/30599\/revisions\/30600"}],"wp:featuredmedia":[{"embeddable":true,"href":"https:\/\/zonaroja.com.mx\/index.php?rest_route=\/wp\/v2\/media\/22988"}],"wp:attachment":[{"href":"https:\/\/zonaroja.com.mx\/index.php?rest_route=%2Fwp%2Fv2%2Fmedia&parent=30599"}],"wp:term":[{"taxonomy":"category","embeddable":true,"href":"https:\/\/zonaroja.com.mx\/index.php?rest_route=%2Fwp%2Fv2%2Fcategories&post=30599"},{"taxonomy":"post_tag","embeddable":true,"href":"https:\/\/zonaroja.com.mx\/index.php?rest_route=%2Fwp%2Fv2%2Ftags&post=30599"}],"curies":[{"name":"wp","href":"https:\/\/api.w.org\/{rel}","templated":true}]}}