{"id":30601,"date":"2021-08-06T13:39:34","date_gmt":"2021-08-06T18:39:34","guid":{"rendered":"http:\/\/www.zonaroja.com.mx\/?p=30601"},"modified":"2021-08-06T13:39:37","modified_gmt":"2021-08-06T18:39:37","slug":"sin-castigo-maltrato-a-menor-en-san-andres-teotilalpam","status":"publish","type":"post","link":"https:\/\/zonaroja.com.mx\/?p=30601","title":{"rendered":"Sin castigo, maltrato a menor en San Andr\u00e9s Teotil\u00e1lpam"},"content":{"rendered":"\n<p>Evlin Arag\u00f3n\/Zona Roja.<\/p>\n\n\n\n<p>Oaxaca de Ju\u00e1rez, Oax., 6 de agosto de 2021.- A poco m\u00e1s de un mes de la denuncia que presentara la se\u00f1ora Petra Rold\u00e1n Campo, madre del peque\u00f1o Jos\u00e9, de tan s\u00f3lo ocho a\u00f1os de edad, quien fue golpeado brutalmente con una manguera y la hebilla de un cintur\u00f3n, no hay avances para sancionar al responsable.&nbsp;&nbsp;<\/p>\n\n\n\n<p>Al menos as\u00ed lo dio a conocer a trav\u00e9s de las redes sociales Mar\u00eda Elena Soriano, ex candidata a diputada local, quien detall\u00f3 que, pese a que la denuncia presentada ante la Vicefiscal\u00eda Regional de la Cuenca, las autoridades no han procedido en contra del agresor, por lo que pidi\u00f3 una actuaci\u00f3n ejemplar por parte del funcionariado p\u00fablico.&nbsp;<\/p>\n\n\n\n<p>\u201cA pesar de las amenazas, la madre del menor denunci\u00f3 y a\u00fan no hay justicia para su hijo, esto sucedi\u00f3 en la regi\u00f3n de la Cuenca del Papaloapan, Oaxaca; personal de la Vicefiscal\u00eda Regional de la Cuenca cumpla con su trabajo\u201d, public\u00f3 en sus cuentas de Twitter y Facebook.&nbsp;<\/p>\n\n\n\n<p>En este mismo sentido pidi\u00f3 no dejar en la impunidad casos que evidencian el maltrato a ni\u00f1as y ni\u00f1os que de ninguna manera se debe normalizar, particularmente en el caso de Jos\u00e9 que las afectaciones son graves como se puede constatar en las fotograf\u00edas compartidas a trav\u00e9s del internet.<\/p>\n\n\n\n<p>De acuerdo con los reportes de medios de comunicaci\u00f3n en la regi\u00f3n de la Cuenca, fue el pasado 19 de junio que el peque\u00f1o Jos\u00e9, quien habita en la localidad de Flor Batavia, en el municipio de San Andr\u00e9s Teotil\u00e1lpam, apareci\u00f3 con laceraciones en espalda, piernas y brazos, tras una golpiza propinada por su padre Marcial Alfaro Brigada, ex regidor de Hacienda y actual secretario ejidal.<\/p>\n\n\n\n<p>Dicho ataque no fue el \u00fanico y de nueva cuenta el primero de julio, el peque\u00f1o fue v\u00edctima de abusos f\u00edsicos, por lo que su madre determin\u00f3 interponer una denuncia ante la Vicefiscal\u00eda Regional de la Cuenca para exigir justicia y que se frenen los maltratos.<\/p>\n\n\n\n<p>\u201cLo golpe\u00f3 con una manguera, tiene morada su espalda y la piernita. Tambi\u00e9n le lastim\u00f3 su oreja y ahora no escucha. De plano lo lastim\u00f3\u201d, fue parte del relato de la madre del menor a las afueras del Centro de Justicia \u201cDr. V\u00edctor Bravo Ahuja\u201d en donde interpuso la demanda.<\/p>\n\n\n\n<p>Petra Rold\u00e1n aclar\u00f3 que desde hace un a\u00f1o se separ\u00f3 de su esposo debido a la violencia que ejerc\u00eda en su contra, sin embargo, el menor estaba muy apegado a su padre por lo que se qued\u00f3 a vivir con \u00e9l sin esperar que recibiera maltrato de parte de su progenitor.&nbsp;&nbsp;<\/p>\n\n\n\n<p>\u201cLo que yo espero es que se haga justicia, es lo que necesito. Las autoridades no pueden permitir que maltraten as\u00ed a mi ni\u00f1o. No es cosa buena lo que hizo\u201d, sentenci\u00f3.<\/p>\n\n\n\n<p>Lejos de obtener justicia, la mujer ha recibido amenazas por tomar acciones legales contra el agresor, por lo que, desde hace m\u00e1s de un mes, hizo un llamado a las instituciones de impartici\u00f3n de justicia para que se le brinde protecci\u00f3n a ella y a su hijo.<\/p>\n\n\n\n<p>Marcial Alfaro Brigada, padre del menor, ex regidor de Hacienda y actual secretario ejidal, est\u00e1 se\u00f1alado tambi\u00e9n de desalojar a sus hermanas de una propiedad familiar, apoderarse de manera ilegal de tres hect\u00e1reas de sembrad\u00edo de jengibre, intimidar con armas de fuego a familiares cercanos, adem\u00e1s de participar en actos de desv\u00edo de recursos p\u00fablicos de la localidad durante la administraci\u00f3n 2017-2019, en la que fungi\u00f3 como funcionario.<\/p>\n","protected":false},"excerpt":{"rendered":"<p>Evlin Arag\u00f3n\/Zona Roja. Oaxaca de Ju\u00e1rez, Oax., 6 de agosto de 2021.- A poco m\u00e1s&hellip;<\/p>\n","protected":false},"author":2,"featured_media":30602,"comment_status":"closed","ping_status":"open","sticky":false,"template":"","format":"standard","meta":{"_lmt_disableupdate":"","_lmt_disable":"","_jetpack_memberships_contains_paid_content":false,"footnotes":""},"categories":[109,47],"tags":[1866],"class_list":["post-30601","post","type-post","status-publish","format-standard","has-post-thumbnail","hentry","category-minuto-a-minuto","category-zona-gris","tag-san-andres-teotilalpam"],"jetpack_featured_media_url":"https:\/\/zonaroja.com.mx\/wp-content\/uploads\/2021\/08\/Nino-maltratado-Teotilalpam.jpg","jetpack_sharing_enabled":true,"_links":{"self":[{"href":"https:\/\/zonaroja.com.mx\/index.php?rest_route=\/wp\/v2\/posts\/30601","targetHints":{"allow":["GET"]}}],"collection":[{"href":"https:\/\/zonaroja.com.mx\/index.php?rest_route=\/wp\/v2\/posts"}],"about":[{"href":"https:\/\/zonaroja.com.mx\/index.php?rest_route=\/wp\/v2\/types\/post"}],"author":[{"embeddable":true,"href":"https:\/\/zonaroja.com.mx\/index.php?rest_route=\/wp\/v2\/users\/2"}],"replies":[{"embeddable":true,"href":"https:\/\/zonaroja.com.mx\/index.php?rest_route=%2Fwp%2Fv2%2Fcomments&post=30601"}],"version-history":[{"count":1,"href":"https:\/\/zonaroja.com.mx\/index.php?rest_route=\/wp\/v2\/posts\/30601\/revisions"}],"predecessor-version":[{"id":30603,"href":"https:\/\/zonaroja.com.mx\/index.php?rest_route=\/wp\/v2\/posts\/30601\/revisions\/30603"}],"wp:featuredmedia":[{"embeddable":true,"href":"https:\/\/zonaroja.com.mx\/index.php?rest_route=\/wp\/v2\/media\/30602"}],"wp:attachment":[{"href":"https:\/\/zonaroja.com.mx\/index.php?rest_route=%2Fwp%2Fv2%2Fmedia&parent=30601"}],"wp:term":[{"taxonomy":"category","embeddable":true,"href":"https:\/\/zonaroja.com.mx\/index.php?rest_route=%2Fwp%2Fv2%2Fcategories&post=30601"},{"taxonomy":"post_tag","embeddable":true,"href":"https:\/\/zonaroja.com.mx\/index.php?rest_route=%2Fwp%2Fv2%2Ftags&post=30601"}],"curies":[{"name":"wp","href":"https:\/\/api.w.org\/{rel}","templated":true}]}}