{"id":30605,"date":"2021-08-06T17:19:51","date_gmt":"2021-08-06T22:19:51","guid":{"rendered":"https:\/\/www.zonaroja.com.mx\/?p=30605"},"modified":"2021-08-06T17:20:07","modified_gmt":"2021-08-06T22:20:07","slug":"arturo-zaldivar-termina-drama-en-la-corte-y-rechaza-extension-de-mandato","status":"publish","type":"post","link":"https:\/\/zonaroja.com.mx\/?p=30605","title":{"rendered":"Arturo Zald\u00edvar termina \u2018drama\u2019 en la Corte y rechaza extensi\u00f3n de mandato"},"content":{"rendered":"\n<p>Redacci\u00f3n\/Zona Roja Cdmx. <\/p>\n\n\n\n<p>Ciudad de M\u00e9xico, 6 de agosto de 3021.<strong> <\/strong>Arturo Zald\u00edvar, presidente de la Suprema Corte de Justicia de la Naci\u00f3n (SCJN), anunci\u00f3 este viernes que dejar\u00e1 su puesto en 2022, cuando est\u00e1 establecido que debe hacerlo.<\/p>\n\n\n\n<p class=\"body-paragraph\">\u201cQuiero informar que concluir\u00e9 mi mandato como presidente de la Suprema Corte el 31 de diciembre de 2022, cuando termina el periodo para el cual fui electo por mis compa\u00f1eros y compa\u00f1eras ministros\u201d, dijo en conferencia de prensa.<\/p>\n\n\n\n<p class=\"body-paragraph\">Apunt\u00f3 que \u00e9l est\u00e1 en la Suprema Corte por sus valores, principios y convicciones y as\u00ed lo demuestra lo hecho durante su carrera, y que no est\u00e1 ah\u00ed en busca de privilegios ni puestos.<\/p>\n\n\n\n<p class=\"body-paragraph\">Este anuncio surge en relaci\u00f3n a la reforma judicial, con la cual se extender\u00eda su mandato por dos a\u00f1os m\u00e1s.<\/p>\n\n\n\n<p class=\"body-paragraph\">El art\u00edculo D\u00e9cimo Tercero transitorio establece que la persona que a su entrada en vigor ocupe la Presidencia de la Suprema Corte de Justicia de la Naci\u00f3n y del Consejo de la Judicatura Federal durar\u00e1 en ese encargo hasta el 30 de noviembre de 2024.<\/p>\n\n\n\n<p class=\"body-paragraph\">\u201cEn el poco menos de a\u00f1o y medio que me resta como presidente de la Corte, seguir\u00e9 trabajando incansablemente por consolidar un combate definitivo y categorico en contra de la corrupci\u00f3n, por desterrar el nepotismo, por terminar con el acoso sexual, por llegar a una justicia a la gente m\u00e1s pobre, m\u00e1s necesitada y m\u00e1s vulnerable. <\/p>\n\n\n\n<p class=\"body-paragraph\">\u201cNo cederemos como no hemos cedido a los intereses internos y externos, a los grupos de poder que ten\u00edan atrapado al poder judicial y que ahora pretenden regresar a esas pr\u00e1cticas. No lo vamos a permitir, no importa cu\u00e1l sea el costo que tengamos que asumir\u201d, indic\u00f3 Zald\u00edvar.<\/p>\n\n\n\n<p class=\"body-paragraph\">El ministro presidente agradeci\u00f3 las muestras de apoyo del presidente Andr\u00e9s Manuel L\u00f3pez Obrador.<\/p>\n\n\n\n<p class=\"body-paragraph\">Tambi\u00e9n apunt\u00f3 que su decisi\u00f3n est\u00e1 tomada independientemente de la resoluci\u00f3n que d\u00e9 la Suprema Corte con respecto a la extensi\u00f3n de su mandato.<\/p>\n\n\n\n<p>(Informaci\u00f3n de \u201cEl Financiero\u201d)<\/p>\n","protected":false},"excerpt":{"rendered":"<p>Redacci\u00f3n\/Zona Roja Cdmx. Ciudad de M\u00e9xico, 6 de agosto de 3021. Arturo Zald\u00edvar, presidente de&hellip;<\/p>\n","protected":false},"author":2,"featured_media":30604,"comment_status":"closed","ping_status":"open","sticky":false,"template":"","format":"standard","meta":{"_lmt_disableupdate":"","_lmt_disable":"","_jetpack_memberships_contains_paid_content":false,"footnotes":""},"categories":[109,47],"tags":[811],"class_list":["post-30605","post","type-post","status-publish","format-standard","has-post-thumbnail","hentry","category-minuto-a-minuto","category-zona-gris","tag-suprema-corte-de-justicia-de-la-nacion"],"jetpack_featured_media_url":"https:\/\/zonaroja.com.mx\/wp-content\/uploads\/2021\/08\/img_4135.jpg","jetpack_sharing_enabled":true,"_links":{"self":[{"href":"https:\/\/zonaroja.com.mx\/index.php?rest_route=\/wp\/v2\/posts\/30605","targetHints":{"allow":["GET"]}}],"collection":[{"href":"https:\/\/zonaroja.com.mx\/index.php?rest_route=\/wp\/v2\/posts"}],"about":[{"href":"https:\/\/zonaroja.com.mx\/index.php?rest_route=\/wp\/v2\/types\/post"}],"author":[{"embeddable":true,"href":"https:\/\/zonaroja.com.mx\/index.php?rest_route=\/wp\/v2\/users\/2"}],"replies":[{"embeddable":true,"href":"https:\/\/zonaroja.com.mx\/index.php?rest_route=%2Fwp%2Fv2%2Fcomments&post=30605"}],"version-history":[{"count":1,"href":"https:\/\/zonaroja.com.mx\/index.php?rest_route=\/wp\/v2\/posts\/30605\/revisions"}],"predecessor-version":[{"id":30606,"href":"https:\/\/zonaroja.com.mx\/index.php?rest_route=\/wp\/v2\/posts\/30605\/revisions\/30606"}],"wp:featuredmedia":[{"embeddable":true,"href":"https:\/\/zonaroja.com.mx\/index.php?rest_route=\/wp\/v2\/media\/30604"}],"wp:attachment":[{"href":"https:\/\/zonaroja.com.mx\/index.php?rest_route=%2Fwp%2Fv2%2Fmedia&parent=30605"}],"wp:term":[{"taxonomy":"category","embeddable":true,"href":"https:\/\/zonaroja.com.mx\/index.php?rest_route=%2Fwp%2Fv2%2Fcategories&post=30605"},{"taxonomy":"post_tag","embeddable":true,"href":"https:\/\/zonaroja.com.mx\/index.php?rest_route=%2Fwp%2Fv2%2Ftags&post=30605"}],"curies":[{"name":"wp","href":"https:\/\/api.w.org\/{rel}","templated":true}]}}