{"id":30609,"date":"2021-08-06T19:40:09","date_gmt":"2021-08-07T00:40:09","guid":{"rendered":"http:\/\/www.zonaroja.com.mx\/?p=30609"},"modified":"2021-08-06T19:40:13","modified_gmt":"2021-08-07T00:40:13","slug":"pide-guerrero-grande-intervencion-de-gobierno-de-oaxaca-violencia-en-localidad","status":"publish","type":"post","link":"https:\/\/zonaroja.com.mx\/?p=30609","title":{"rendered":"Pide Guerrero Grande intervenci\u00f3n de gobierno de Oaxaca violencia en localidad"},"content":{"rendered":"\n<p>Evlin Arag\u00f3n\/Zona Roja.<\/p>\n\n\n\n<p>Oaxaca de Ju\u00e1rez, Oax., 6 de agosto de 2021.- Autoridades y habitantes de Guerrero Grande, localidad perteneciente al municipio de San Esteban Atatlahuca, exigieron al gobierno de Oaxaca como al federal el cese a la violencia en la zona, as\u00ed como el respeto absoluto a su autonom\u00eda y forma de elegir a sus autoridades de acuerdo con sus usos y costumbres.&nbsp;<\/p>\n\n\n\n<p>Lo anterior tras acusar a pobladores de Mier y Ter\u00e1n, localidad vecina, de causar da\u00f1os e iniciar el clima de violencia que recientemente dej\u00f3 como saldo una mujer asesinada y siete personas m\u00e1s heridas de gravedad.&nbsp;<\/p>\n\n\n\n<p>\u201cPedimos a las autoridades de Mier y Ter\u00e1n que respeten a nuestra comunidad ya que la violencia que ellos iniciaron ha causado muchos da\u00f1os a la familia y a la familia de ellos mismo. Ya que no es el camino para encontrar la paz entre ambas comunidades y estamos seguros que ellos lo saben de lo que est\u00e1n haciendo\u201d, manifestaron en un comunicado.&nbsp;<\/p>\n\n\n\n<p>De la misma forma, denunciaron a la organizaci\u00f3n Frente de Resistencia Ind\u00edgena de Santiago Juxtlahuaca, que aseguran respalda a la comunidad de Mier y Ter\u00e1n en la violencia ejercida, y a cuyos integrantes responsabilizaron de cualquier acci\u00f3n que ponga en peligro a la comunidad de Guerrero Grande.<\/p>\n\n\n\n<p>\u201cCon todo respeto pedimos a la organizaci\u00f3n Frente de Resistencia Ind\u00edgena de Juxtlahuaca que no viole nuestra autonom\u00eda como pueblos ind\u00edgenas, ya que no tienen ninguna facultad de toma de decisiones para intervenir en cualquier reuniones y asuntos internos de nuestra comunidad\u201d, indicaron.&nbsp;<\/p>\n\n\n\n<p>De igual manera, exigieron a la Fiscal\u00eda de Oaxaca el puntual esclarecimiento de los hechos suscitados el pasado domingo 1 de agosto, a fin de que sean castigados los autores intelectuales y materiales del ataque armado en el que muri\u00f3 una mujer y dej\u00f3 siete heridos, luego de participar en una asamblea para nombra a sus autoridades para el ejercicio 2022.<\/p>\n\n\n\n<p>Finalmente, pidieron la intervenci\u00f3n de las autoridades de los tres niveles de gobierno a quienes hicieron responsable de la violencia que se pueda generar en los pr\u00f3ximos d\u00edas, ante la omisi\u00f3n al llamado.&nbsp;<\/p>\n\n\n\n<p>\u201cDesde este momento hacemos responsable a las autoridades competentes de hacer caso omiso de resolver este problema y que hasta ahora ha corrido sangre, me refiero a los tres niveles de gobierno\u201d, sentenciaron.<\/p>\n\n\n\n<p>En el mismo documento explicaron que desde enero de 2020, el agente de Mier y Ter\u00e1n junto con sus vecinos, llegaron a Guerrero Grande con armas de fuego para violentar su autonom\u00eda, robando dinero, radios de comunicaci\u00f3n, llaves de la agencia, incluso el veh\u00edculo oficial.<\/p>\n\n\n\n<p>As\u00ed mismo, despojaron a la comunidad de todos sus espacios p\u00fablicos para instalar su base paramilitar en conjunto con grupos peque\u00f1os de personas que est\u00e1n perfectamente identificados y que se autonombraron autoridad lo cual fue impugnado en los tribunales.&nbsp;<\/p>\n\n\n\n<p>Sin embargo, dichas personas no responden a resoluciones judiciales y por la fuerza han intentado mantener el poder, privando de la libertad a los ciudadanos de la comunidad, amenazando con matar a los que no est\u00e1n a su favor.<\/p>\n\n\n\n<p>De ah\u00ed que el pasado 1 de agosto se registr\u00f3 un ataque armado en contra de la poblaci\u00f3n dejando una v\u00edctima mortal.&nbsp;<\/p>\n","protected":false},"excerpt":{"rendered":"<p>Evlin Arag\u00f3n\/Zona Roja. Oaxaca de Ju\u00e1rez, Oax., 6 de agosto de 2021.- Autoridades y habitantes&hellip;<\/p>\n","protected":false},"author":2,"featured_media":21043,"comment_status":"closed","ping_status":"open","sticky":false,"template":"","format":"standard","meta":{"_lmt_disableupdate":"","_lmt_disable":"","_jetpack_memberships_contains_paid_content":false,"footnotes":""},"categories":[109,47],"tags":[1025],"class_list":["post-30609","post","type-post","status-publish","format-standard","has-post-thumbnail","hentry","category-minuto-a-minuto","category-zona-gris","tag-san-esteban-atatlahuca"],"jetpack_featured_media_url":"https:\/\/zonaroja.com.mx\/wp-content\/uploads\/2020\/12\/San-Esteban-Atatlahuca.jpg","jetpack_sharing_enabled":true,"_links":{"self":[{"href":"https:\/\/zonaroja.com.mx\/index.php?rest_route=\/wp\/v2\/posts\/30609","targetHints":{"allow":["GET"]}}],"collection":[{"href":"https:\/\/zonaroja.com.mx\/index.php?rest_route=\/wp\/v2\/posts"}],"about":[{"href":"https:\/\/zonaroja.com.mx\/index.php?rest_route=\/wp\/v2\/types\/post"}],"author":[{"embeddable":true,"href":"https:\/\/zonaroja.com.mx\/index.php?rest_route=\/wp\/v2\/users\/2"}],"replies":[{"embeddable":true,"href":"https:\/\/zonaroja.com.mx\/index.php?rest_route=%2Fwp%2Fv2%2Fcomments&post=30609"}],"version-history":[{"count":1,"href":"https:\/\/zonaroja.com.mx\/index.php?rest_route=\/wp\/v2\/posts\/30609\/revisions"}],"predecessor-version":[{"id":30610,"href":"https:\/\/zonaroja.com.mx\/index.php?rest_route=\/wp\/v2\/posts\/30609\/revisions\/30610"}],"wp:featuredmedia":[{"embeddable":true,"href":"https:\/\/zonaroja.com.mx\/index.php?rest_route=\/wp\/v2\/media\/21043"}],"wp:attachment":[{"href":"https:\/\/zonaroja.com.mx\/index.php?rest_route=%2Fwp%2Fv2%2Fmedia&parent=30609"}],"wp:term":[{"taxonomy":"category","embeddable":true,"href":"https:\/\/zonaroja.com.mx\/index.php?rest_route=%2Fwp%2Fv2%2Fcategories&post=30609"},{"taxonomy":"post_tag","embeddable":true,"href":"https:\/\/zonaroja.com.mx\/index.php?rest_route=%2Fwp%2Fv2%2Ftags&post=30609"}],"curies":[{"name":"wp","href":"https:\/\/api.w.org\/{rel}","templated":true}]}}