{"id":3061,"date":"2019-08-13T19:58:24","date_gmt":"2019-08-14T00:58:24","guid":{"rendered":"http:\/\/www.zonaroja.com.mx\/?p=3061"},"modified":"2019-08-13T20:22:33","modified_gmt":"2019-08-14T01:22:33","slug":"en-vispera-de-llegada-de-amlo-a-oaxaca-cuatro-asaltos-violentos-y-un-homicidio","status":"publish","type":"post","link":"https:\/\/zonaroja.com.mx\/?p=3061","title":{"rendered":"En v\u00edspera de llegada de AMLO a Oaxaca, cuatro asaltos violentos y un homicidio"},"content":{"rendered":"\n<p>Redacci\u00f3n\/Zona\nRoja.<\/p>\n\n\n\n<p>Oaxaca de\nJu\u00e1rez, Oax., 13 de agosto de 2019.- En la v\u00edspera de la llegada del Presidente\nAndr\u00e9s Manuel L\u00f3pez Obrador a Oaxaca, en la capital del estado se registraron\nal menos cuatro asaltos violentos, con saldo de dos lesionados por disparos de\narma de fuego, adem\u00e1s de un homicidio.<\/p>\n\n\n\n<p>El primer atraco\nocurri\u00f3 alrededor de las 10:00 horas de este martes en la calle Amapolas de la\ncolonia Reforma, donde sujetos armados despojaron a un motociclista de al menos\n500 mil pesos que reci\u00e9n hab\u00eda retirado de una sucursal bancaria HSBC del\nCentro Hist\u00f3rico.<\/p>\n\n\n\n<p>Tras\nlesionarlo de bala, se dieron a la fuga con rumbo desconocido; la v\u00edctima fue\natendida por param\u00e9dicos de la Cruz Roja y trasladado a un hospital de la zona.\nPese a los patrullajes de b\u00fasqueda, no hay hasta ahora personas detenidas que\nse relacionen con esos hechos.<\/p>\n\n\n\n<p>Cerca del mediod\u00eda, en el estacionamiento de la tienda Chedrahui, ubicado en la calzada Madero, en inmediaciones del monumento a la Madre, sujetos a bordo de un coche intentaron asaltar a un individuo en motocicleta.<\/p>\n\n\n\n<figure class=\"wp-block-embed-twitter wp-block-embed is-type-rich is-provider-twitter\"><div class=\"wp-block-embed__wrapper\">\n<div class=\"twitter-tweet\"><blockquote class=\"twitter-tweet\" data-lang=\"es\"><p lang=\"es\" dir=\"ltr\"><a href=\"https:\/\/twitter.com\/hashtag\/ENVIVO?src=hash&amp;ref_src=twsrc%5Etfw\">#ENVIVO<\/a><br>Ciudad de Oaxaca, Oax.<br>Balazos en el estacionamiento de la tienda Chedraui ubicada en la calzada Madero, al poniente de la capital. <br>\ud83d\udc47<a href=\"https:\/\/t.co\/oMjs8ANqJY\">https:\/\/t.co\/oMjs8ANqJY<\/a> <a href=\"https:\/\/t.co\/pj4MWfmxbA\">pic.twitter.com\/pj4MWfmxbA<\/a><\/p>&mdash; Zona Roja Oaxaca (@MexRoja) <a href=\"https:\/\/twitter.com\/MexRoja\/status\/1161326572722241536?ref_src=twsrc%5Etfw\">13 de agosto de 2019<\/a><\/blockquote><\/div>\n<\/div><\/figure>\n\n\n\n<p>Al oponer\nresistencia \u00e9ste, le dispararon en la pierna tras lo cual se dieron a la fuga;\nde acuerdo con las primeras versiones, la v\u00edctima, identificada de manera\npreliminar como Pedro Mart\u00ednez, de 19 a\u00f1os de edad, hab\u00eda retirado dinero de\nuna sucursal bancaria, cuando fue alcanzado hasta dicho lugar.<\/p>\n\n\n\n<p>Seg\u00fan otras fuentes, le intentaron adem\u00e1s robar una motocicleta; no obstante, los delincuentes lograron darse a la fuga pero dejaron en el estacionamiento su coche, con placas de circulaci\u00f3n MVH-7259 del Estado de M\u00e9xico, marca Seat color gris.<\/p>\n\n\n\n<p>En ese sitio, un elemento de la Polic\u00eda Estatal arrebat\u00f3 con violencia su tel\u00e9fono celular a un reportero del peri\u00f3dico El Imparcial,  \u00c1lvaro Cuitl\u00e1huac L\u00f3pez, quien coberturaba el hecho; posteriormente se lo regres\u00f3 aunque da\u00f1ado.<\/p>\n\n\n\n<p>Poco antes,\nen la calle Monte Alb\u00e1n del fraccionamiento La Noria, al sur de la ciudad, dos\nindividuos en motocicleta y armados despojaron a una mujer de su tel\u00e9fono celular,\ntras lo cual se dieron a la fuga. <\/p>\n\n\n\n<p>Mientras que m\u00e1s tarde, una papeler\u00eda fue asaltada en la calle Vicente Guerrero de la colonia Alem\u00e1n; tambi\u00e9n de manera preliminar se dio a conocer que dos sujetos ingresaron y amagaron a la empleada para despojarla de dinero y art\u00edculos, entre ellos tel\u00e9fono celular.<\/p>\n\n\n\n<figure class=\"wp-block-embed-twitter wp-block-embed is-type-rich is-provider-twitter\"><div class=\"wp-block-embed__wrapper\">\n<div class=\"twitter-tweet\"><blockquote class=\"twitter-tweet\" data-lang=\"es\"><p lang=\"es\" dir=\"ltr\"><a href=\"https:\/\/twitter.com\/hashtag\/OaxacaRojo?src=hash&amp;ref_src=twsrc%5Etfw\">#OaxacaRojo<\/a><br>En\u00e9simo asalto en <a href=\"https:\/\/twitter.com\/hashtag\/Oaxaca?src=hash&amp;ref_src=twsrc%5Etfw\">#Oaxaca<\/a>. En la calle Amapolas de la colonia Reforma, despojan a una persona de aproximadamente 500 mil pesos, que hab\u00eda retirado de un banco HSBC. <br>En el fraccionamiento La Noria, dos sujetos en motocicleta roban celular a una madre de familia. <a href=\"https:\/\/t.co\/cVAbGp3QvU\">pic.twitter.com\/cVAbGp3QvU<\/a><\/p>&mdash; Zona Roja Oaxaca (@MexRoja) <a href=\"https:\/\/twitter.com\/MexRoja\/status\/1161312152885444608?ref_src=twsrc%5Etfw\">13 de agosto de 2019<\/a><\/blockquote><\/div>\n<\/div><\/figure>\n\n\n\n<p>Del homicidio, alrededor de las 16:00 horas fue hallado el cuerpo de una persona a un costado de la carretera federal 175 Oaxaca-Tuxtepec, a la altura del kil\u00f3metro 204, en inmediaciones del paraje \u201cLa Ca\u00f1ada\u201d, de Tlalixtac de Cabrera; de manera extraoficial se inform\u00f3 que presentaba heridas de bala. En todos los casos no huno personas detenidas.<\/p>\n\n\n\n<p>Por otra parte, el gobierno de Oaxaca inform\u00f3 v\u00eda redes sociales que la ma\u00f1ana de este jueves, realiz\u00f3 una reuni\u00f3n de materia de seguridad, en coordinaci\u00f3n con el ayuntamiento de Oaxaca de Ju\u00e1rez; poco despu\u00e9s se registraron los cuatro asaltos violentos.<\/p>\n\n\n\n<figure class=\"wp-block-embed-twitter wp-block-embed is-type-rich is-provider-twitter\"><div class=\"wp-block-embed__wrapper\">\n<div class=\"twitter-tweet\"><blockquote class=\"twitter-tweet\" data-lang=\"es\"><p lang=\"es\" dir=\"ltr\"><a href=\"https:\/\/twitter.com\/hashtag\/OaxacaRojo?src=hash&amp;ref_src=twsrc%5Etfw\">#OaxacaRojo<\/a><br>Esta tarde a un costado de la carretera federal 175 Oaxaca-Tuxtepec, aproximadamente en el kil\u00f3metro 204, paraje \u201cLa Ca\u00f1ada\u201d, Tlalixtac de Cabrera, fue hallado el cuerpo de una persona, que presenta disparos de arma de fuego. <a href=\"https:\/\/t.co\/oX5ckpMNDU\">pic.twitter.com\/oX5ckpMNDU<\/a><\/p>&mdash; Zona Roja Oaxaca (@MexRoja) <a href=\"https:\/\/twitter.com\/MexRoja\/status\/1161418424133644288?ref_src=twsrc%5Etfw\">13 de agosto de 2019<\/a><\/blockquote><\/div>\n<\/div><\/figure>\n","protected":false},"excerpt":{"rendered":"<p>Redacci\u00f3n\/Zona Roja. Oaxaca de Ju\u00e1rez, Oax., 13 de agosto de 2019.- En la v\u00edspera de&hellip;<\/p>\n","protected":false},"author":2,"featured_media":3062,"comment_status":"closed","ping_status":"open","sticky":false,"template":"","format":"standard","meta":{"_lmt_disableupdate":"","_lmt_disable":"","_jetpack_memberships_contains_paid_content":false,"footnotes":""},"categories":[109,51],"tags":[547],"class_list":["post-3061","post","type-post","status-publish","format-standard","has-post-thumbnail","hentry","category-minuto-a-minuto","category-zona-roja","tag-asaltos-violentos-oaxaca"],"jetpack_featured_media_url":"https:\/\/zonaroja.com.mx\/wp-content\/uploads\/2019\/08\/eZy-Watermark_13-08-2019_07-38-04p.-m..jpg","jetpack_sharing_enabled":true,"_links":{"self":[{"href":"https:\/\/zonaroja.com.mx\/index.php?rest_route=\/wp\/v2\/posts\/3061","targetHints":{"allow":["GET"]}}],"collection":[{"href":"https:\/\/zonaroja.com.mx\/index.php?rest_route=\/wp\/v2\/posts"}],"about":[{"href":"https:\/\/zonaroja.com.mx\/index.php?rest_route=\/wp\/v2\/types\/post"}],"author":[{"embeddable":true,"href":"https:\/\/zonaroja.com.mx\/index.php?rest_route=\/wp\/v2\/users\/2"}],"replies":[{"embeddable":true,"href":"https:\/\/zonaroja.com.mx\/index.php?rest_route=%2Fwp%2Fv2%2Fcomments&post=3061"}],"version-history":[{"count":2,"href":"https:\/\/zonaroja.com.mx\/index.php?rest_route=\/wp\/v2\/posts\/3061\/revisions"}],"predecessor-version":[{"id":3064,"href":"https:\/\/zonaroja.com.mx\/index.php?rest_route=\/wp\/v2\/posts\/3061\/revisions\/3064"}],"wp:featuredmedia":[{"embeddable":true,"href":"https:\/\/zonaroja.com.mx\/index.php?rest_route=\/wp\/v2\/media\/3062"}],"wp:attachment":[{"href":"https:\/\/zonaroja.com.mx\/index.php?rest_route=%2Fwp%2Fv2%2Fmedia&parent=3061"}],"wp:term":[{"taxonomy":"category","embeddable":true,"href":"https:\/\/zonaroja.com.mx\/index.php?rest_route=%2Fwp%2Fv2%2Fcategories&post=3061"},{"taxonomy":"post_tag","embeddable":true,"href":"https:\/\/zonaroja.com.mx\/index.php?rest_route=%2Fwp%2Fv2%2Ftags&post=3061"}],"curies":[{"name":"wp","href":"https:\/\/api.w.org\/{rel}","templated":true}]}}