{"id":30611,"date":"2021-08-06T20:56:27","date_gmt":"2021-08-07T01:56:27","guid":{"rendered":"http:\/\/www.zonaroja.com.mx\/?p=30611"},"modified":"2021-08-06T20:56:30","modified_gmt":"2021-08-07T01:56:30","slug":"amlo-refuta-al-coneval-que-dijo-que-pobreza-aumento-dice-que-tiene-otros-datos","status":"publish","type":"post","link":"https:\/\/zonaroja.com.mx\/?p=30611","title":{"rendered":"AMLO refuta al Coneval que dijo que pobreza aument\u00f3; dice que tiene otros datos"},"content":{"rendered":"\n<p>Redacci\u00f3n\/Zona Roja Cdmx. Imagen: IMCO<\/p>\n\n\n\n<p>Ciudad de M\u00e9xico, 6 de agosto de 2021.- El presidente Andr\u00e9s Manuel L\u00f3pez Obrador dijo este viernes que no aceptar\u00e1 los resultados que dio a conocer el Consejo Nacional de Evaluaci\u00f3n de la Pol\u00edtica de Desarrollo Social (Coneval) en torno a la medici\u00f3n de pobreza en M\u00e9xico durante 2018 y 2020.<\/p>\n\n\n\n<p>\u201cFue por la pandemia. El Coneval tiene formas de medir de otra manera, otros indicadores. Yo respeto, pero es indudable que la gente est\u00e1 recibiendo apoyo (&#8230;). No acepto el resultado de esa encuesta, tengo otros datos\u201d, sostuvo en su conferencia de prensa en la ma\u00f1ana.<\/p>\n\n\n\n<p>De acuerdo con el informe \u2018Medici\u00f3n multidimensional de la pobreza en M\u00e9xico\u2032, en 2020 el n\u00famero de personas en situaci\u00f3n de pobreza ascendi\u00f3 a 55.7 millones, mostrando un aumento de 3.8 millones en contraste con 2018.<\/p>\n\n\n\n<p>En el rubro de poblaci\u00f3n en situaci\u00f3n de pobreza extrema se registr\u00f3 un aumento de 2.1 millones, por lo que el n\u00famero total subi\u00f3 de 8.7 millones a 10.8.<\/p>\n\n\n\n<p>Por otro lado, el n\u00famero de personas en situaci\u00f3n de pobreza moderada se elev\u00f3 en 1.7 por ciento, es decir, el cambio fue de 43.2 millones a 44.9 millones.<\/p>\n\n\n\n<p>En ese sentido, el mandatario indic\u00f3 que \u00e9l tiene su manera de medir, por lo que debe de modificarse la forma de medici\u00f3n sobre bienestar.<\/p>\n\n\n\n<p>\u201cVeo los datos macroecon\u00f3micos, hasta les podr\u00eda presumir sobre resultados. Lo voy a decir porque les da mucho coraje a mis adversarios, es como ese diablillo de la red que me recomienda: diles que te vas a reelegir\u201d, dijo.<\/p>\n\n\n\n<p>(Informaci\u00f3n de \u201cEl Financiero\u201d)<\/p>\n","protected":false},"excerpt":{"rendered":"<p>Redacci\u00f3n\/Zona Roja Cdmx. Imagen: IMCO Ciudad de M\u00e9xico, 6 de agosto de 2021.- El presidente&hellip;<\/p>\n","protected":false},"author":2,"featured_media":30612,"comment_status":"closed","ping_status":"open","sticky":false,"template":"","format":"standard","meta":{"_lmt_disableupdate":"","_lmt_disable":"","_jetpack_memberships_contains_paid_content":false,"footnotes":""},"categories":[109,47],"tags":[1863],"class_list":["post-30611","post","type-post","status-publish","format-standard","has-post-thumbnail","hentry","category-minuto-a-minuto","category-zona-gris","tag-consejo-nacional-de-evaluacion-de-la-politica-de-desarrollo-social-coneval"],"jetpack_featured_media_url":"https:\/\/zonaroja.com.mx\/wp-content\/uploads\/2021\/08\/IMCO-pobreza-en-Mexico.jpg","jetpack_sharing_enabled":true,"_links":{"self":[{"href":"https:\/\/zonaroja.com.mx\/index.php?rest_route=\/wp\/v2\/posts\/30611","targetHints":{"allow":["GET"]}}],"collection":[{"href":"https:\/\/zonaroja.com.mx\/index.php?rest_route=\/wp\/v2\/posts"}],"about":[{"href":"https:\/\/zonaroja.com.mx\/index.php?rest_route=\/wp\/v2\/types\/post"}],"author":[{"embeddable":true,"href":"https:\/\/zonaroja.com.mx\/index.php?rest_route=\/wp\/v2\/users\/2"}],"replies":[{"embeddable":true,"href":"https:\/\/zonaroja.com.mx\/index.php?rest_route=%2Fwp%2Fv2%2Fcomments&post=30611"}],"version-history":[{"count":1,"href":"https:\/\/zonaroja.com.mx\/index.php?rest_route=\/wp\/v2\/posts\/30611\/revisions"}],"predecessor-version":[{"id":30613,"href":"https:\/\/zonaroja.com.mx\/index.php?rest_route=\/wp\/v2\/posts\/30611\/revisions\/30613"}],"wp:featuredmedia":[{"embeddable":true,"href":"https:\/\/zonaroja.com.mx\/index.php?rest_route=\/wp\/v2\/media\/30612"}],"wp:attachment":[{"href":"https:\/\/zonaroja.com.mx\/index.php?rest_route=%2Fwp%2Fv2%2Fmedia&parent=30611"}],"wp:term":[{"taxonomy":"category","embeddable":true,"href":"https:\/\/zonaroja.com.mx\/index.php?rest_route=%2Fwp%2Fv2%2Fcategories&post=30611"},{"taxonomy":"post_tag","embeddable":true,"href":"https:\/\/zonaroja.com.mx\/index.php?rest_route=%2Fwp%2Fv2%2Ftags&post=30611"}],"curies":[{"name":"wp","href":"https:\/\/api.w.org\/{rel}","templated":true}]}}