{"id":30620,"date":"2021-08-07T07:43:31","date_gmt":"2021-08-07T12:43:31","guid":{"rendered":"http:\/\/www.zonaroja.com.mx\/?p=30620"},"modified":"2021-08-07T07:43:34","modified_gmt":"2021-08-07T12:43:34","slug":"registra-megaexplosion-refineria-de-salina-cruz-pemex-oculta-suceso","status":"publish","type":"post","link":"https:\/\/zonaroja.com.mx\/?p=30620","title":{"rendered":"Registra megaexplosi\u00f3n refiner\u00eda de Salina Cruz; Pemex oculta suceso"},"content":{"rendered":"\n<p>Redacci\u00f3n\/Zona Roja.<\/p>\n\n\n\n<p>Oaxaca de Ju\u00e1rez, Oax., 7 de agosto de 2021.- Una en\u00e9sima explosi\u00f3n e incendio ocurri\u00f3 en la refiner\u00eda \u201cIng. Antonio Doval\u00ed Jaime\u201d, ubicada en Salina Cruz, Oaxaca, sin que Petr\u00f3leos Mexicanos (Pemex) informe los da\u00f1os o v\u00edctimas humanas.<\/p>\n\n\n\n<p>La fuerte explosi\u00f3n sucedi\u00f3 en los primeros minutos de este s\u00e1bado, lo que origin\u00f3 temor entre la poblaci\u00f3n de esa ciudad porte\u00f1a, en la regi\u00f3n del Istmo de Tehuantepec.<\/p>\n\n\n\n<p>Hasta el momento la empresa mexicana, bajo responsabilidad de la Secretar\u00eda de Energ\u00eda federal, no ha emitido ning\u00fan comunicado al respecto. Tampoco en ocasiones recientes, como en el a\u00f1o 2017 en que ocurrieron al menos dos tragedias, ha detallado las fallas registradas ni cuantificado las afectaciones.<\/p>\n\n\n\n<p>Apenas el pasado 4 de agosto, mediante un comunicado, Pemex cumpli\u00f3 42 a\u00f1os de operaci\u00f3n, \u201ccoadyuvando al impulso econ\u00f3mico y desarrollo social del sur del pa\u00eds.<\/p>\n\n\n\n<p>\u201cEsta instalaci\u00f3n es considerada como estrat\u00e9gica para el abastecimiento de combustibles y destilados del petr\u00f3leo en el litoral del pac\u00edfico\u201d.<\/p>\n\n\n\n<p>De acuerdo con un comunicado de prensa, la creciente demanda de combustibles en los 70 dio origen a la necesidad de construir una sexta refiner\u00eda, por lo que en 1975 inici\u00f3 su cimentaci\u00f3n, siendo inaugurada el 4 de agosto de 1979, procesando en aquellos a\u00f1os alrededor de 165 mil barriles diarios de crudo.<\/p>\n\n\n\n<figure class=\"wp-block-embed-twitter wp-block-embed is-type-rich is-provider-twitter\"><div class=\"wp-block-embed__wrapper\">\n<div class=\"twitter-tweet\"><blockquote class=\"twitter-tweet\" data-lang=\"es\"><p lang=\"es\" dir=\"ltr\">Megaexplosi\u00f3n en la <a href=\"https:\/\/twitter.com\/hashtag\/refiner%C3%ADa?src=hash&amp;ref_src=twsrc%5Etfw\">#refiner\u00eda<\/a> \u201cIng. Antonio Doval\u00ed Jaime\u201d cimbra a la poblaci\u00f3n de Salina Cruz, <a href=\"https:\/\/twitter.com\/hashtag\/Oaxaca?src=hash&amp;ref_src=twsrc%5Etfw\">#Oaxaca<\/a>, la madrugada de este s\u00e1bado.<br>Petr\u00f3leos Mexicanos (<a href=\"https:\/\/twitter.com\/Pemex?ref_src=twsrc%5Etfw\">@Pemex<\/a>) guarda silencio hasta ahora respecto de los da\u00f1os. <a href=\"https:\/\/t.co\/SR5bB6SyuJ\">pic.twitter.com\/SR5bB6SyuJ<\/a><\/p>&mdash; Zona Roja Oaxaca (@Zona_Roja_Oax) <a href=\"https:\/\/twitter.com\/Zona_Roja_Oax\/status\/1423978965539098626?ref_src=twsrc%5Etfw\">7 de agosto de 2021<\/a><\/blockquote><\/div>\n<\/div><\/figure>\n\n\n\n<p>En febrero de 1989 entr\u00f3 en operaci\u00f3n el segundo tren de producci\u00f3n, aumentando el proceso de crudo a 330 mil barriles diarios.<\/p>\n\n\n\n<p>La refiner\u00eda tiene una superficie de 770 hect\u00e1reas, integrada por 28 plantas de proceso, 118 tanques de almacenamiento, dos \u00e1reas de servicios principales (generadores de electricidad, vapor, aire para instrumentos y tratadoras de aguas).<\/p>\n\n\n\n<p>Su zona de influencia abarca los estados de Oaxaca, Guerrero, Chiapas, Michoac\u00e1n, Colima, Sinaloa, Sonora, Baja California Sur, Baja California Norte y Quintana Roo.&nbsp;&nbsp;&nbsp;<\/p>\n\n\n\n<p>Asimismo, tiene capacidad para producir una amplia gama de combustibles y energ\u00e9ticos entre los que destacan: combustible Magna, Premium y Di\u00e9sel de Ultra Bajo Azufre (UBA), Turbosina, Asfalto, Azufre, Gas Licuado, Propileno y Combust\u00f3leo, los cuales cumplen con especificaciones en materia ambiental y con las normas internacionales aplicables.<\/p>\n","protected":false},"excerpt":{"rendered":"<p>Redacci\u00f3n\/Zona Roja. Oaxaca de Ju\u00e1rez, Oax., 7 de agosto de 2021.- Una en\u00e9sima explosi\u00f3n e&hellip;<\/p>\n","protected":false},"author":2,"featured_media":30621,"comment_status":"closed","ping_status":"open","sticky":false,"template":"","format":"standard","meta":{"_lmt_disableupdate":"","_lmt_disable":"","_jetpack_memberships_contains_paid_content":false,"footnotes":""},"categories":[109,47],"tags":[2341],"class_list":["post-30620","post","type-post","status-publish","format-standard","has-post-thumbnail","hentry","category-minuto-a-minuto","category-zona-gris","tag-refineria-ing-antonio-dovali-jaime-salina-cruz"],"jetpack_featured_media_url":"https:\/\/zonaroja.com.mx\/wp-content\/uploads\/2021\/08\/Incendio-refineria-Pemex.jpg","jetpack_sharing_enabled":true,"_links":{"self":[{"href":"https:\/\/zonaroja.com.mx\/index.php?rest_route=\/wp\/v2\/posts\/30620","targetHints":{"allow":["GET"]}}],"collection":[{"href":"https:\/\/zonaroja.com.mx\/index.php?rest_route=\/wp\/v2\/posts"}],"about":[{"href":"https:\/\/zonaroja.com.mx\/index.php?rest_route=\/wp\/v2\/types\/post"}],"author":[{"embeddable":true,"href":"https:\/\/zonaroja.com.mx\/index.php?rest_route=\/wp\/v2\/users\/2"}],"replies":[{"embeddable":true,"href":"https:\/\/zonaroja.com.mx\/index.php?rest_route=%2Fwp%2Fv2%2Fcomments&post=30620"}],"version-history":[{"count":1,"href":"https:\/\/zonaroja.com.mx\/index.php?rest_route=\/wp\/v2\/posts\/30620\/revisions"}],"predecessor-version":[{"id":30622,"href":"https:\/\/zonaroja.com.mx\/index.php?rest_route=\/wp\/v2\/posts\/30620\/revisions\/30622"}],"wp:featuredmedia":[{"embeddable":true,"href":"https:\/\/zonaroja.com.mx\/index.php?rest_route=\/wp\/v2\/media\/30621"}],"wp:attachment":[{"href":"https:\/\/zonaroja.com.mx\/index.php?rest_route=%2Fwp%2Fv2%2Fmedia&parent=30620"}],"wp:term":[{"taxonomy":"category","embeddable":true,"href":"https:\/\/zonaroja.com.mx\/index.php?rest_route=%2Fwp%2Fv2%2Fcategories&post=30620"},{"taxonomy":"post_tag","embeddable":true,"href":"https:\/\/zonaroja.com.mx\/index.php?rest_route=%2Fwp%2Fv2%2Ftags&post=30620"}],"curies":[{"name":"wp","href":"https:\/\/api.w.org\/{rel}","templated":true}]}}