{"id":30628,"date":"2021-08-07T08:04:07","date_gmt":"2021-08-07T13:04:07","guid":{"rendered":"http:\/\/www.zonaroja.com.mx\/?p=30628"},"modified":"2021-08-07T08:04:12","modified_gmt":"2021-08-07T13:04:12","slug":"exigen-a-contraloria-indagar-posibles-irregularidades-en-obra-de-simbolos-patrios","status":"publish","type":"post","link":"https:\/\/zonaroja.com.mx\/?p=30628","title":{"rendered":"Exigen a Contralor\u00eda indagar posibles irregularidades en obra de S\u00edmbolos Patrios"},"content":{"rendered":"\n<p>Redacci\u00f3n\/Zona Roja.<\/p>\n\n\n\n<p>Oaxaca de Ju\u00e1rez, Oax., 7 de agosto de 2021.- Pese a las crecientes denuncias de ambientalistas sobre el probable derribo de cientos de \u00e1rboles, as\u00ed como por los altos costos de la obra, la Secretar\u00eda de las Infraestructuras y Ordenamiento Territorial Sustentable (Sinfra) han guardado silencio sobre la ampliaci\u00f3n a ocho carriles de la avenida S\u00edmbolos Patrios, al sur de la capital oaxaque\u00f1a.<\/p>\n\n\n\n<p>Ante ello, el diputado C\u00e9sar Morales Ni\u00f1o present\u00f3 un Punto de Acuerdo en el Congreso del Estado, con la finalidad de exigir la intervenci\u00f3n de la Secretar\u00eda de la Contralor\u00eda y Transparencia Gubernamental.<\/p>\n\n\n\n<p>\u201cLa construcci\u00f3n de obras p\u00fablicas siempre debe ser una prioridad para cualquier gobierno; siempre deben tener como eje rector, mejorar la vida cotidiana de la ciudadan\u00eda, y detonar los factores de producci\u00f3n y comercio. En este Congreso siempre estaremos a favor de la construcci\u00f3n de obras que generen desarrollo social.<\/p>\n\n\n\n<p>\u201cSin embargo, las obras p\u00fablicas deben planearse y ejecutarse con total respeto al entorno ecol\u00f3gico, al medio ambiente y se deben transparentar los proyectos para que la ciudadan\u00eda conozca que trabajos se van a realizar, si no se hace as\u00ed, existir\u00e1 opacidad y la respuesta de la ciudadan\u00eda ser\u00e1n las inconformidades, las manifestaciones y oposiciones a los proyectos de construcci\u00f3n\u201d, expuso.<\/p>\n\n\n\n<p>Sostuvo que por otros medios se ha dado a conocer que Sinfra le encarg\u00f3 un estudio ambiental a la empresa Geo-Terra Ambiental, que supuestamente dictamin\u00f3 que no habr\u00e1 da\u00f1o ambiental.<\/p>\n\n\n\n<p>No obstante, en diversas ocasiones grupos ambientalistas han denunciado un probable ecocidio que se prepara en la zona de los trabajos.<\/p>\n\n\n\n<p>\u201cAnte las posturas divergentes y la incertidumbre, es necesario que la Secretar\u00eda de la Contralor\u00eda y Transparencia Gubernamental intervenga y dentro del marco de sus facultades revise el estudio realizado por la empresa GEO-Terra ambiental, para que se analice si dicha empresa tiene la capacidad jur\u00eddica, t\u00e9cnica y si fiscalmente es apta para ser contratada por el Gobierno del Estado, y pueda emitir este tipo de dict\u00e1menes\u201d, manifest\u00f3 Morales Ni\u00f1o.<\/p>\n\n\n\n<p>Adem\u00e1s, deber\u00e1 revisar pormenorizadamente el estudio presentado, y en su caso pedir opini\u00f3n de las dem\u00e1s autoridades competentes en materia de ecolog\u00eda y medio ambiente, para verificar s\u00ed dicho estudio es viable, correcto y si sus conclusiones son acorde a la realidad, en el sentido de que no habr\u00e1 da\u00f1o ecol\u00f3gico, ni impacto ambiental.<\/p>\n\n\n\n<p>A\u00f1adi\u00f3 que con esta propuesta, presentada en la reciente sesi\u00f3n ordinaria, se busca que se transparente el proyecto y se acabe con la opacidad, asimismo se pretende evitar problemas sociales que puedan llegar a desbordarse por la falta de transparencia, y en su caso la obra se ejecute siempre y cuando se respete el medio ambiente y el entorno ecol\u00f3gico.<\/p>\n","protected":false},"excerpt":{"rendered":"<p>Redacci\u00f3n\/Zona Roja. Oaxaca de Ju\u00e1rez, Oax., 7 de agosto de 2021.- Pese a las crecientes&hellip;<\/p>\n","protected":false},"author":2,"featured_media":30629,"comment_status":"closed","ping_status":"open","sticky":false,"template":"","format":"standard","meta":{"_lmt_disableupdate":"","_lmt_disable":"","_jetpack_memberships_contains_paid_content":false,"footnotes":""},"categories":[109,46],"tags":[612],"class_list":["post-30628","post","type-post","status-publish","format-standard","has-post-thumbnail","hentry","category-minuto-a-minuto","category-zona-blanca","tag-cesar-morales-nino"],"jetpack_featured_media_url":"https:\/\/zonaroja.com.mx\/wp-content\/uploads\/2021\/08\/Obra-simbolos-Patrios-Oaxaca.jpg","jetpack_sharing_enabled":true,"_links":{"self":[{"href":"https:\/\/zonaroja.com.mx\/index.php?rest_route=\/wp\/v2\/posts\/30628","targetHints":{"allow":["GET"]}}],"collection":[{"href":"https:\/\/zonaroja.com.mx\/index.php?rest_route=\/wp\/v2\/posts"}],"about":[{"href":"https:\/\/zonaroja.com.mx\/index.php?rest_route=\/wp\/v2\/types\/post"}],"author":[{"embeddable":true,"href":"https:\/\/zonaroja.com.mx\/index.php?rest_route=\/wp\/v2\/users\/2"}],"replies":[{"embeddable":true,"href":"https:\/\/zonaroja.com.mx\/index.php?rest_route=%2Fwp%2Fv2%2Fcomments&post=30628"}],"version-history":[{"count":1,"href":"https:\/\/zonaroja.com.mx\/index.php?rest_route=\/wp\/v2\/posts\/30628\/revisions"}],"predecessor-version":[{"id":30630,"href":"https:\/\/zonaroja.com.mx\/index.php?rest_route=\/wp\/v2\/posts\/30628\/revisions\/30630"}],"wp:featuredmedia":[{"embeddable":true,"href":"https:\/\/zonaroja.com.mx\/index.php?rest_route=\/wp\/v2\/media\/30629"}],"wp:attachment":[{"href":"https:\/\/zonaroja.com.mx\/index.php?rest_route=%2Fwp%2Fv2%2Fmedia&parent=30628"}],"wp:term":[{"taxonomy":"category","embeddable":true,"href":"https:\/\/zonaroja.com.mx\/index.php?rest_route=%2Fwp%2Fv2%2Fcategories&post=30628"},{"taxonomy":"post_tag","embeddable":true,"href":"https:\/\/zonaroja.com.mx\/index.php?rest_route=%2Fwp%2Fv2%2Ftags&post=30628"}],"curies":[{"name":"wp","href":"https:\/\/api.w.org\/{rel}","templated":true}]}}