{"id":30637,"date":"2021-08-07T11:43:21","date_gmt":"2021-08-07T16:43:21","guid":{"rendered":"https:\/\/www.zonaroja.com.mx\/?p=30637"},"modified":"2021-08-07T11:45:47","modified_gmt":"2021-08-07T16:45:47","slug":"confirman-siete-municipios-de-la-costa-aplicacion-de-semaforo-rojo-por-covid","status":"publish","type":"post","link":"https:\/\/zonaroja.com.mx\/?p=30637","title":{"rendered":"Confirman siete municipios de la Costa aplicaci\u00f3n de sem\u00e1foro rojo por Covid"},"content":{"rendered":"\n<p class=\"MsoNormal\">Evlin Arag\u00f3n\/Zona Roja.&nbsp;<\/p>\n\n\n\n<p class=\"MsoNormal\">Oaxaca de Ju\u00e1rez, Oax., 7 de agosto de 2021.- A fin de privilegiar la salud de las y los habitantes de la regi\u00f3n de la Costa, autoridades municipales de San Pedro Pochutla, Santa Mar\u00eda Tonameca, Santa Mar\u00eda Huatulco, Santa Mar\u00eda Colotepec, San Miguel del Puerto, Pluma Hidalgo y Villa de Tututepec de Melchor Ocampo confirmaron la aplicaci\u00f3n del sem\u00e1foro rojo, ante la tercera ola de contagios por Covid-19.&nbsp;<\/p>\n\n\n\n<p class=\"MsoNormal\">As\u00ed lo informaron en un comunicado conjunto, en el que manifestaron su preocupaci\u00f3n por la saturaci\u00f3n en la ocupaci\u00f3n del Hospital General de San Pedro Pochutla, mismo que solo cuenta con ocho camas para atender casos graves de coronavirus en la regi\u00f3n.&nbsp;&nbsp;<\/p>\n\n\n\n<p class=\"MsoNormal\">\u201cSe decreta pasar a sem\u00e1foro rojo en cada una de las jurisdicciones de los municipios presentes, a partir del d\u00eda 9 y&nbsp;hasta el 31 de agosto&nbsp;del presente a\u00f1o, con las consecuentes medidas sanitarias que conlleva la semaforizaci\u00f3n\u201d.&nbsp;&nbsp;<\/p>\n\n\n\n<p class=\"MsoNormal\">Por lo anterior, al uso obligatorio del cubrebocas, gel antibacterial o lavado contante de manos, sana distancia y desinfecci\u00f3n de espacios p\u00fablicos, se une la disminuci\u00f3n de la movilidad social con horarios, cierre de algunas actividades no esenciales, la suspensi\u00f3n de eventos masivos de toda \u00edndole, as\u00ed como la reducci\u00f3n en un 50 por ciento de la ocupaci\u00f3n del transporte p\u00fablico.&nbsp;&nbsp;<\/p>\n\n\n\n<p class=\"MsoNormal\">Las localidades adheridas a la Alianza de Municipios de la Costa Oaxaque\u00f1a decretaron el cierre de playas dentro de su jurisdicci\u00f3n, as\u00ed como Ley Seca con lo que se suspende la venta de bebidas alcoh\u00f3licas en todo tipo de establecimientos, adem\u00e1s del cierre temporal de cantinas, dep\u00f3sitos, bares y centros nocturnos.&nbsp;&nbsp;&nbsp;&nbsp;<\/p>\n\n\n\n<p class=\"MsoNormal\">Las medidas decretadas por las autoridades tambi\u00e9n incluyen suspender las actividades religiosas, la operaci\u00f3n en un 50 por cientos de la capacidad de las aerol\u00edneas en vuelos a Huatulco y Puerto Escondido.&nbsp;<\/p>\n\n\n\n<p class=\"MsoNormal\">De manera particular refirieron que el gremio m\u00e9dico, que atiende de manera particular, deber\u00e1 notificar a la Jurisdicci\u00f3n Sanitaria 04 y al municipio respectivo el n\u00famero de pacientes sospechosos y confirmado al contagio por coronavirus que hayan atendido, as\u00ed como la muerte de pacientes.&nbsp;&nbsp;<\/p>\n\n\n\n<p class=\"MsoNormal\">Finalmente, explicaron que es obligatorio que el personal al frente de comercios y negocios en general, est\u00e9 vacunados, particularmente en los municipios de San Pedro Pochutla, Santa Mar\u00eda Huatulco, Santa Mar\u00eda Tonameca y Santa Mar\u00eda Colotepec, donde se lleva a cabo la jornada de inmunizaci\u00f3n.&nbsp;&nbsp;<\/p>\n\n\n\n<p class=\"MsoNormal\">Cabe se\u00f1alar que los cuerpos de seguridad, incluida la Polic\u00eda Estatal y la Guardia Nacional realizaran constantes recorridos y operativos para exhortar a la ciudadan\u00eda a cumplir con las medidas sanitarias establecidas por los municipios, as\u00ed como aplicaran las sanciones por el incumplimiento de las mismas, las cuales incluyen el pago de 500 pesos por no utilizar el cubrebocas. <\/p>\n","protected":false},"excerpt":{"rendered":"<p>Evlin Arag\u00f3n\/Zona Roja.&nbsp; Oaxaca de Ju\u00e1rez, Oax., 7 de agosto de 2021.- A fin de&hellip;<\/p>\n","protected":false},"author":2,"featured_media":30636,"comment_status":"closed","ping_status":"open","sticky":false,"template":"","format":"standard","meta":{"_lmt_disableupdate":"","_lmt_disable":"","_jetpack_memberships_contains_paid_content":false,"footnotes":""},"categories":[109,47],"tags":[1512],"class_list":["post-30637","post","type-post","status-publish","format-standard","has-post-thumbnail","hentry","category-minuto-a-minuto","category-zona-gris","tag-coronavirus-oaxaca"],"jetpack_featured_media_url":"https:\/\/zonaroja.com.mx\/wp-content\/uploads\/2021\/08\/img_4276.jpg","jetpack_sharing_enabled":true,"_links":{"self":[{"href":"https:\/\/zonaroja.com.mx\/index.php?rest_route=\/wp\/v2\/posts\/30637","targetHints":{"allow":["GET"]}}],"collection":[{"href":"https:\/\/zonaroja.com.mx\/index.php?rest_route=\/wp\/v2\/posts"}],"about":[{"href":"https:\/\/zonaroja.com.mx\/index.php?rest_route=\/wp\/v2\/types\/post"}],"author":[{"embeddable":true,"href":"https:\/\/zonaroja.com.mx\/index.php?rest_route=\/wp\/v2\/users\/2"}],"replies":[{"embeddable":true,"href":"https:\/\/zonaroja.com.mx\/index.php?rest_route=%2Fwp%2Fv2%2Fcomments&post=30637"}],"version-history":[{"count":1,"href":"https:\/\/zonaroja.com.mx\/index.php?rest_route=\/wp\/v2\/posts\/30637\/revisions"}],"predecessor-version":[{"id":30638,"href":"https:\/\/zonaroja.com.mx\/index.php?rest_route=\/wp\/v2\/posts\/30637\/revisions\/30638"}],"wp:featuredmedia":[{"embeddable":true,"href":"https:\/\/zonaroja.com.mx\/index.php?rest_route=\/wp\/v2\/media\/30636"}],"wp:attachment":[{"href":"https:\/\/zonaroja.com.mx\/index.php?rest_route=%2Fwp%2Fv2%2Fmedia&parent=30637"}],"wp:term":[{"taxonomy":"category","embeddable":true,"href":"https:\/\/zonaroja.com.mx\/index.php?rest_route=%2Fwp%2Fv2%2Fcategories&post=30637"},{"taxonomy":"post_tag","embeddable":true,"href":"https:\/\/zonaroja.com.mx\/index.php?rest_route=%2Fwp%2Fv2%2Ftags&post=30637"}],"curies":[{"name":"wp","href":"https:\/\/api.w.org\/{rel}","templated":true}]}}