{"id":30643,"date":"2021-08-07T13:50:37","date_gmt":"2021-08-07T18:50:37","guid":{"rendered":"http:\/\/www.zonaroja.com.mx\/?p=30643"},"modified":"2021-08-07T13:50:40","modified_gmt":"2021-08-07T18:50:40","slug":"firman-convenio-poder-judicial-y-defensoria-publica-por-derechos-linguisticos","status":"publish","type":"post","link":"https:\/\/zonaroja.com.mx\/?p=30643","title":{"rendered":"Firman convenio Poder Judicial y Defensor\u00eda P\u00fablica, por derechos ling\u00fcisticos"},"content":{"rendered":"\n<p>Redacci\u00f3n\/Zona Roja.<\/p>\n\n\n\n<p>Oaxaca de Ju\u00e1rez, Oax., 7 de agosto de 2021- El titular del Poder Judicial de Oaxaca, magistrado Eduardo Pinacho S\u00e1nchez, y el director general de la Defensor\u00eda P\u00fablica del Estado, Jes\u00fas Gerardo Herrera P\u00e9rez, formalizaron un convenio de colaboraci\u00f3n en materia de int\u00e9rpretes y traductores de lenguas ind\u00edgenas, actores fundamentales para lograr el respeto a un derecho humano fundamental de los pueblos originarios, como son sus derechos ling\u00fc\u00edsticos.<\/p>\n\n\n\n<p>Mediante este acuerdo, la instituci\u00f3n responsable de administrar justicia contar\u00e1 con el apoyo de 151 j\u00f3venes traductores int\u00e9rpretes que hablan 82 de las 177 variantes en el estado, quienes actualmente auxilian con estos servicios a la Defensor\u00eda P\u00fablica, organismo que brinda a la sociedad apoyo gratuito y la oportunidad de afrontar los procesos jur\u00eddicos de acuerdo a la ley y de forma equitativa.<\/p>\n\n\n\n<p>Durante su intervenci\u00f3n en el acto, realizado con apego a las medidas sanitarias establecidas, el presidente del Tribunal Superior de Justicia puntualiz\u00f3 que con esta suma de esfuerzos, \u201cel sistema de justicia se har\u00e1 m\u00e1s efectivo y sobre todo m\u00e1s protector de un sector hist\u00f3ricamente vulnerable como es el de los pueblos ind\u00edgenas\u201d.<\/p>\n\n\n\n<p>Ante la directora de Periciales del Consejo de la Judicatura, Yadira Piedad Saavedra L\u00f3pez y de Uriel Jos\u00e9 Sandoval P\u00e9rez, visitador general de la Defensor\u00eda P\u00fablica, as\u00ed como magistradas, magistrados y servidores p\u00fablicos judiciales que se enlazaron mediante transmisi\u00f3n virtual, se\u00f1al\u00f3 la importancia, en un estado como Oaxaca de hacer efectivo un derecho de igualdad, consagrado en los m\u00e1s altos sistemas normativos internos e internacionales.<\/p>\n\n\n\n<p>Coment\u00f3 que la Direcci\u00f3n de Periciales recibe aproximadamente dos mil solicitudes de int\u00e9rpretes y traductores al a\u00f1o; que de no ser por las alianzas interinstitucionales el Poder Judicial del Estado estar\u00eda imposibilitado de atender; de ah\u00ed que agradeci\u00f3 el acercamiento y disposici\u00f3n de la Defensor\u00eda P\u00fablica y de manera particular de su titular en este tema.<\/p>\n\n\n\n<p>En su intervenci\u00f3n, luego de puntualizar que \u201csin int\u00e9rprete y sin defensa no hay justicia\u201d, Jes\u00fas Gerardo Herrera P\u00e9rez explic\u00f3 que con la firma del Convenio de Colaboraci\u00f3n el organismo a su cargo contribuye a que todas las voces sean escuchadas y que las personas que pasan por alg\u00fan drama en las diferentes materias ya sea penal, familiar o civil puedan adem\u00e1s expresar sus emociones, anhelos y desde luego tambi\u00e9n llegue la justicia intercultural, un ejercicio presente en el Poder Judicial a trav\u00e9s de la Sala de Justicia Ind\u00edgena que ha sentado precedentes importantes en Latinoam\u00e9rica y en el pa\u00eds.<\/p>\n\n\n\n<p>Indic\u00f3 que en el estado de Oaxaca, de los cuatro millones 120 mil habitantes, el 66.7 por ciento se considera o se autoescribe una persona ind\u00edgena y el 33.3 por cierto son hablantes de una lengua materna, lo que habla de una riqueza cultural que tambi\u00e9n tiene como objeto promover acciones diferenciadas en el acceso a la justicia.<\/p>\n\n\n\n<p>En el evento se destac\u00f3 que ante la diversidad que distingue a la entidad, ambas instituciones se fortalecen para ofrecer a la ciudadan\u00eda un sistema de justicia que garantice el juicio en igualdad, con respeto a los derechos humanos, y consciente de la multiculturalidad.<\/p>\n","protected":false},"excerpt":{"rendered":"<p>Redacci\u00f3n\/Zona Roja. Oaxaca de Ju\u00e1rez, Oax., 7 de agosto de 2021- El titular del Poder&hellip;<\/p>\n","protected":false},"author":2,"featured_media":30644,"comment_status":"closed","ping_status":"open","sticky":false,"template":"","format":"standard","meta":{"_lmt_disableupdate":"","_lmt_disable":"","_jetpack_memberships_contains_paid_content":false,"footnotes":""},"categories":[109,46],"tags":[223],"class_list":["post-30643","post","type-post","status-publish","format-standard","has-post-thumbnail","hentry","category-minuto-a-minuto","category-zona-blanca","tag-poder-judicial-de-oaxaca"],"jetpack_featured_media_url":"https:\/\/zonaroja.com.mx\/wp-content\/uploads\/2021\/08\/Firma-de-Convenio-de-Colaboracion.jpeg","jetpack_sharing_enabled":true,"_links":{"self":[{"href":"https:\/\/zonaroja.com.mx\/index.php?rest_route=\/wp\/v2\/posts\/30643","targetHints":{"allow":["GET"]}}],"collection":[{"href":"https:\/\/zonaroja.com.mx\/index.php?rest_route=\/wp\/v2\/posts"}],"about":[{"href":"https:\/\/zonaroja.com.mx\/index.php?rest_route=\/wp\/v2\/types\/post"}],"author":[{"embeddable":true,"href":"https:\/\/zonaroja.com.mx\/index.php?rest_route=\/wp\/v2\/users\/2"}],"replies":[{"embeddable":true,"href":"https:\/\/zonaroja.com.mx\/index.php?rest_route=%2Fwp%2Fv2%2Fcomments&post=30643"}],"version-history":[{"count":1,"href":"https:\/\/zonaroja.com.mx\/index.php?rest_route=\/wp\/v2\/posts\/30643\/revisions"}],"predecessor-version":[{"id":30645,"href":"https:\/\/zonaroja.com.mx\/index.php?rest_route=\/wp\/v2\/posts\/30643\/revisions\/30645"}],"wp:featuredmedia":[{"embeddable":true,"href":"https:\/\/zonaroja.com.mx\/index.php?rest_route=\/wp\/v2\/media\/30644"}],"wp:attachment":[{"href":"https:\/\/zonaroja.com.mx\/index.php?rest_route=%2Fwp%2Fv2%2Fmedia&parent=30643"}],"wp:term":[{"taxonomy":"category","embeddable":true,"href":"https:\/\/zonaroja.com.mx\/index.php?rest_route=%2Fwp%2Fv2%2Fcategories&post=30643"},{"taxonomy":"post_tag","embeddable":true,"href":"https:\/\/zonaroja.com.mx\/index.php?rest_route=%2Fwp%2Fv2%2Ftags&post=30643"}],"curies":[{"name":"wp","href":"https:\/\/api.w.org\/{rel}","templated":true}]}}