{"id":30646,"date":"2021-08-07T15:33:21","date_gmt":"2021-08-07T20:33:21","guid":{"rendered":"http:\/\/www.zonaroja.com.mx\/?p=30646"},"modified":"2021-08-07T15:33:26","modified_gmt":"2021-08-07T20:33:26","slug":"victima-de-saul-huerta-presentara-queja-ante-cndh-contra-diputados","status":"publish","type":"post","link":"https:\/\/zonaroja.com.mx\/?p=30646","title":{"rendered":"V\u00edctima de Sa\u00fal Huerta presentar\u00e1 queja ante CNDH contra diputados"},"content":{"rendered":"\n<p>Redacci\u00f3n\/Zona Roja Cdmx.<\/p>\n\n\n\n<p>Ciudad de M\u00e9xico, 7 de agosto de 2021.- Te\u00f3filo Ben\u00edtez, abogado del menor de edad que denunci\u00f3 a Sa\u00fal Huerta de abuso sexual, anunci\u00f3 que presentar\u00e1 una queja ante la Comisi\u00f3n de Derechos Humanos (CNDH) por el retraso de la C\u00e1mara de Diputados para retirarle el fuero al legislador.<\/p>\n\n\n\n<p>\u201cEsto es ofensivo, no puede ser que est\u00e9n solapando este tipo de situaciones una bancada que tiene mayor\u00eda en la C\u00e1mara de Diputados y que hagan estos retrasos\u201d, dijo el abogado aludiendo a Morena, pues desde hace m\u00e1s de hace m\u00e1s de tres meses la Fiscal\u00eda General de la Ciudad de M\u00e9xico pidi\u00f3 retirar esta protecci\u00f3n constitucional a poblano para ponerlo a disposici\u00f3n de una autoridad judicial.<\/p>\n\n\n\n<p>En conferencia, coment\u00f3 que \u201csiendo mal pensados\u201d se puede creer que el retraso para retirar el desafuero a Sa\u00fal Huerta es para que este pueda salir de la Ciudad de M\u00e9xico.<\/p>\n\n\n\n<p>\u201cPensamos que estos retrasos son para darle tiempo a Huerta de salir de la ciudad y evitar la justicia\u201d, coment\u00f3 Te\u00f3filo Ben\u00edtez, quien tambi\u00e9n es defensa de las familiares de las v\u00edctimas de la L\u00ednea 12 del Metro.<\/p>\n\n\n\n<p>Se\u00f1al\u00f3 que si no procede el desafuero contra el a\u00fan legislador, se esperar\u00e1n a que se acabe su periodo como legisladores que es a finales de agosto, para que las autoridades judiciales procedan.<\/p>\n\n\n\n<p>En tanto, los familiares del menor confiaron en que la semana que viene se apruebe en la C\u00e1mara de Diputados el retiro del fuero de Huerta y con ellos se \u201cproceda a la reparaci\u00f3n del da\u00f1o que ha dejado en nuestro hijo\u201d.<\/p>\n\n\n\n<p>La madre del menor, Mar\u00eda Guadalupe Lezama, coment\u00f3 que \u201clos diputados morenistas han cobijado al diputado para mantenerle el fuero\u201d.<\/p>\n\n\n\n<p>El 9 de agosto, la Comisi\u00f3n Permanente del Congreso de la Uni\u00f3n votar\u00e1 convocar a la C\u00e1mara de Diputados a un periodo extraordinario para discutir el desafuero de Sa\u00fal Huerta y Mauricio Toledo. Esta sesi\u00f3n se prev\u00e9 que se realice el 11 de agosto.<\/p>\n\n\n\n<p>(Informaci\u00f3n de Forbes M\u00e9xico)<\/p>\n","protected":false},"excerpt":{"rendered":"<p>Redacci\u00f3n\/Zona Roja Cdmx. Ciudad de M\u00e9xico, 7 de agosto de 2021.- Te\u00f3filo Ben\u00edtez, abogado del&hellip;<\/p>\n","protected":false},"author":2,"featured_media":26421,"comment_status":"closed","ping_status":"open","sticky":false,"template":"","format":"standard","meta":{"_lmt_disableupdate":"","_lmt_disable":"","_jetpack_memberships_contains_paid_content":false,"footnotes":""},"categories":[109,47],"tags":[2627],"class_list":["post-30646","post","type-post","status-publish","format-standard","has-post-thumbnail","hentry","category-minuto-a-minuto","category-zona-gris","tag-saul-huerta-corona"],"jetpack_featured_media_url":"https:\/\/zonaroja.com.mx\/wp-content\/uploads\/2021\/04\/Saul-Huerta.jpg","jetpack_sharing_enabled":true,"_links":{"self":[{"href":"https:\/\/zonaroja.com.mx\/index.php?rest_route=\/wp\/v2\/posts\/30646","targetHints":{"allow":["GET"]}}],"collection":[{"href":"https:\/\/zonaroja.com.mx\/index.php?rest_route=\/wp\/v2\/posts"}],"about":[{"href":"https:\/\/zonaroja.com.mx\/index.php?rest_route=\/wp\/v2\/types\/post"}],"author":[{"embeddable":true,"href":"https:\/\/zonaroja.com.mx\/index.php?rest_route=\/wp\/v2\/users\/2"}],"replies":[{"embeddable":true,"href":"https:\/\/zonaroja.com.mx\/index.php?rest_route=%2Fwp%2Fv2%2Fcomments&post=30646"}],"version-history":[{"count":1,"href":"https:\/\/zonaroja.com.mx\/index.php?rest_route=\/wp\/v2\/posts\/30646\/revisions"}],"predecessor-version":[{"id":30647,"href":"https:\/\/zonaroja.com.mx\/index.php?rest_route=\/wp\/v2\/posts\/30646\/revisions\/30647"}],"wp:featuredmedia":[{"embeddable":true,"href":"https:\/\/zonaroja.com.mx\/index.php?rest_route=\/wp\/v2\/media\/26421"}],"wp:attachment":[{"href":"https:\/\/zonaroja.com.mx\/index.php?rest_route=%2Fwp%2Fv2%2Fmedia&parent=30646"}],"wp:term":[{"taxonomy":"category","embeddable":true,"href":"https:\/\/zonaroja.com.mx\/index.php?rest_route=%2Fwp%2Fv2%2Fcategories&post=30646"},{"taxonomy":"post_tag","embeddable":true,"href":"https:\/\/zonaroja.com.mx\/index.php?rest_route=%2Fwp%2Fv2%2Ftags&post=30646"}],"curies":[{"name":"wp","href":"https:\/\/api.w.org\/{rel}","templated":true}]}}