{"id":3065,"date":"2019-08-13T21:17:43","date_gmt":"2019-08-14T02:17:43","guid":{"rendered":"http:\/\/www.zonaroja.com.mx\/?p=3065"},"modified":"2019-08-13T21:17:46","modified_gmt":"2019-08-14T02:17:46","slug":"pese-a-anuncio-de-presupuesto-sigue-protesta-en-casa-de-la-cultura","status":"publish","type":"post","link":"https:\/\/zonaroja.com.mx\/?p=3065","title":{"rendered":"Pese a anuncio de presupuesto, sigue protesta en Casa de la Cultura"},"content":{"rendered":"\n<p>Evlin\nArag\u00f3n\/Zona Roja.<\/p>\n\n\n\n<p>Oaxaca de Ju\u00e1rez,\nOax., 13 de agosto de 2019.- Hace m\u00e1s de una semana que en los pasillos de la\nCasa de la Cultura Oaxaque\u00f1a se rumoraba el recorte presupuestal, que afectar\u00eda\ndirectamente al personal que ah\u00ed labora y que brinda los cursos y talleres de\npintura, m\u00fasica, danza, entre otras disciplinas a ni\u00f1as, ni\u00f1os y j\u00f3venes de la\nentidad.<\/p>\n\n\n\n<p>La falta de\npresupuesto para 96 trabajadoras y trabajadores de la instituci\u00f3n se hizo\nrealidad y desde el pasado jueves la plantilla laboral activa inicio una\nprotesta pac\u00edfica a las afueras del recinto con m\u00e1s de 48 a\u00f1os de existencia en\nla capital oaxaque\u00f1a.<\/p>\n\n\n\n<p>Para Salvador Reyes, instructor al interior de la Casa de la Cultura, es grave que una instituci\u00f3n que forma parte de la identidad oaxaque\u00f1a est\u00e9 pasando por esta crisis, lejos de lo que sucede con los grandes espect\u00e1culos que el gobierno quiere vender como culturales y a los cuales se les ha invertido millones de pesos.<\/p>\n\n\n\n<figure class=\"wp-block-image\"><img decoding=\"async\" width=\"1024\" height=\"768\" src=\"http:\/\/www.zonaroja.com.mx\/wp-content\/uploads\/2019\/08\/Paro-de-labores-Casa-de-la-Cultura-2-1024x768.jpg\" alt=\"\" class=\"wp-image-3066\" srcset=\"https:\/\/zonaroja.com.mx\/wp-content\/uploads\/2019\/08\/Paro-de-labores-Casa-de-la-Cultura-2-1024x768.jpg 1024w, https:\/\/zonaroja.com.mx\/wp-content\/uploads\/2019\/08\/Paro-de-labores-Casa-de-la-Cultura-2-300x225.jpg 300w, https:\/\/zonaroja.com.mx\/wp-content\/uploads\/2019\/08\/Paro-de-labores-Casa-de-la-Cultura-2-768x576.jpg 768w, https:\/\/zonaroja.com.mx\/wp-content\/uploads\/2019\/08\/Paro-de-labores-Casa-de-la-Cultura-2-585x439.jpg 585w, https:\/\/zonaroja.com.mx\/wp-content\/uploads\/2019\/08\/Paro-de-labores-Casa-de-la-Cultura-2.jpg 1152w\" sizes=\"(max-width: 1024px) 100vw, 1024px\" \/><\/figure>\n\n\n\n<p>\u201cLa Casa de\nla Cultura es un centro de formaci\u00f3n que da las primeras herramientas sobre las\nartes a ni\u00f1as, ni\u00f1os y j\u00f3venes, se trata de un recinto donde se ha depositado\nel alma mater de todo lo que forma parte de nuestra tradici\u00f3n, todo aquello que\nexplica la existencia de Oaxaca\u201d, explica.<\/p>\n\n\n\n<p>Detalla que\nel estudio de las artes regularmente es caro ya que se le dedica mucho tiempo,\nsin embargo, al interior de la instituci\u00f3n oaxaque\u00f1a los precios de los\ntalleres y cursos son de lo m\u00e1s accesibles para las y los oaxaque\u00f1os, por lo\nque su desaparici\u00f3n, independiente de significar una violaci\u00f3n al derecho de\nacceso a la cultura, tambi\u00e9n significar\u00eda un da\u00f1o a las familias de escasos\nrecursos que no podr\u00e1n acceder a una expresi\u00f3n art\u00edstica.<\/p>\n\n\n\n<p>\u201cEl cierre\nes inminente ante el despido del personal que da vida a la Casa de la Cultura,\nlas autoridades no ven que la instituci\u00f3n contribuye a garantizar el derecho a\nla cultura, si se pierde esto se pierde nuestra propia identidad\u201d, puntualiza.<\/p>\n\n\n\n<p>Reitera que\nel grupo de manifestantes no s\u00f3lo pide respeto a su trabajo, sino tambi\u00e9n el\nrespeto que se merece la cultura de Oaxaca que es celebrada en muchas partes\ndel mundo y minimizada por las autoridades locales.&nbsp; <\/p>\n\n\n\n<p>SIN\nACERCAMIENTOS<\/p>\n\n\n\n<p>Por su parte\nAlma Edith Quiroz Le\u00f3n, maestra de danza al interior de la Casa de la Cultura,\nlamenta el recorte presupuestal, pero sobre todo que este se traduzca en el\ncierre de la instituci\u00f3n al no contar con personal que realice las actividades\ndirigidas a ni\u00f1as, ni\u00f1os, adolescentes y toda la poblaci\u00f3n en general.<\/p>\n\n\n\n<p>Explica que\na m\u00e1s de cinco d\u00edas de protesta no hay acercamiento de las autoridades con el\npersonal, pese a las declaraciones que se han vertido en algunos medios de\ncomunicaci\u00f3n por parte de la titular de la secretaria de las Culturas y las\nArtes, Adriana Aguilar, que asegura la instituci\u00f3n no desaparecer\u00e1.<\/p>\n\n\n\n<p>\u201cNo hemos\ntenido ninguna respuesta a\u00fan, estamos abiertos al di\u00e1logo, hay algunas\ndeclaraciones de la titular de la Seculta, quien olvida que no pertenecemos al\n\u00e1mbito estatal, incluso minimiza nuestra protesta diciendo que somos unos\ncuantos, pero en realidad somos todos el personal afectado\u201d, se\u00f1ala.<\/p>\n\n\n\n<p>Agradece el\nrespaldo de la poblaci\u00f3n que, sabedora de la relevancia que tiene el recinto,\nse ha solidarizado con las y los maestros para exigir la continuidad de la\ninstituci\u00f3n y el respeto a su personal.<\/p>\n\n\n\n<p>YA HAY\nRECURSOS<\/p>\n\n\n\n<p>Por su parte\nel director de la Casa de la Cultura Oaxaque\u00f1a, Guillermo Garc\u00eda Manzano,\nreconoci\u00f3 la falta de presupuesto para continuar con las actividades que se\nrealizan al interior de la instituci\u00f3n, pero dijo se ha solicitado el respaldo\ndel gobierno estatal para realizar garantizar el pago de n\u00f3mina. <\/p>\n\n\n\n<p>En este\nsentido, neg\u00f3 que la instituci\u00f3n est\u00e9 en riesgo de cerrar y por el contrario\ndijo se consigui\u00f3 un aumento de presupuesto de dos millones 800 mil pesos<\/p>\n\n\n\n<p>\u201cNo se va a cerrar, ni desaparece, ni mucho menos se traslada, como en fechas pasadas circul\u00f3 en diversos medios de comunicaci\u00f3n, los salarios de las y los trabajadores est\u00e1n garantizados de aqu\u00ed a diciembre\u201d, dijo.<\/p>\n\n\n\n<figure class=\"wp-block-embed-twitter wp-block-embed is-type-rich is-provider-twitter\"><div class=\"wp-block-embed__wrapper\">\n<div class=\"twitter-tweet\"><blockquote class=\"twitter-tweet\" data-lang=\"es\"><p lang=\"es\" dir=\"ltr\"><a href=\"https:\/\/twitter.com\/hashtag\/OaxacaGris?src=hash&amp;ref_src=twsrc%5Etfw\">#OaxacaGris<\/a><br>La <a href=\"https:\/\/twitter.com\/CCO_GobOax?ref_src=twsrc%5Etfw\">@CCO_GobOax<\/a> no se cierra y ya se consigui\u00f3 presupuesto para pagar al personal por honorarios, inform\u00f3 hoy su director, Guillermo Garc\u00eda Manzano; pese a ello, las protestas continuaron hoy. <a href=\"https:\/\/t.co\/JRvzKOZkO0\">pic.twitter.com\/JRvzKOZkO0<\/a><\/p>&mdash; Zona Roja Oaxaca (@MexRoja) <a href=\"https:\/\/twitter.com\/MexRoja\/status\/1161454398847029249?ref_src=twsrc%5Etfw\">14 de agosto de 2019<\/a><\/blockquote><\/div>\n<\/div><\/figure>\n\n\n\n<p>REALIZAN\nMARCHA<\/p>\n\n\n\n<p>Poco despu\u00e9s\nde esas declaraciones, trabajadores administrativos y de talleres, as\u00ed como\npadres de familia y alumnos, realizaron una marcha desde la sede de la Casa de\nla Cultura, en la calle Col\u00f3n esquina con Gonz\u00e1lez Ortega, hacia la sede de la\nJunta de Conciliaci\u00f3n y Arbitraje.<\/p>\n\n\n\n<p>Durante la manifestaci\u00f3n,\ngritaron consignas en contra de las autoridades encabezadas por el gobernador\nAlejandro Murat Hinojosa, por no valorar la cultura y el aporte de esa\ninstituci\u00f3n. <\/p>\n\n\n\n<p>Tras ello una comisi\u00f3n se reuni\u00f3n con funcionarios de la Junta, para plantear una medida legal que les permita tener un empleo seguro y no solamente por honorarios, como ha ocurrido desde hace d\u00e9cadas.<\/p>\n\n\n\n<figure class=\"wp-block-embed-twitter wp-block-embed is-type-rich is-provider-twitter\"><div class=\"wp-block-embed__wrapper\">\n<div class=\"twitter-tweet\"><blockquote class=\"twitter-tweet\" data-lang=\"es\"><p lang=\"es\" dir=\"ltr\"><a href=\"https:\/\/twitter.com\/hashtag\/OaxacaGris?src=hash&amp;ref_src=twsrc%5Etfw\">#OaxacaGris<\/a><br>As\u00ed fue la marcha hoy de docentes, administrativos, padres de familia y alumnos de la <a href=\"https:\/\/twitter.com\/CCO_GobOax?ref_src=twsrc%5Etfw\">@CCO_GobOax<\/a>, ante el latente riesgo de despidos y probable cierre. De la sede de la instituci\u00f3n, llegaron a la Junta Local de Conciliaci\u00f3n y Arbitraje. <a href=\"https:\/\/t.co\/XZ7fuqcUAT\">pic.twitter.com\/XZ7fuqcUAT<\/a><\/p>&mdash; Zona Roja Oaxaca (@MexRoja) <a href=\"https:\/\/twitter.com\/MexRoja\/status\/1161460870129393665?ref_src=twsrc%5Etfw\">14 de agosto de 2019<\/a><\/blockquote><\/div>\n<\/div><\/figure>\n","protected":false},"excerpt":{"rendered":"<p>Evlin Arag\u00f3n\/Zona Roja. Oaxaca de Ju\u00e1rez, Oax., 13 de agosto de 2019.- Hace m\u00e1s de&hellip;<\/p>\n","protected":false},"author":2,"featured_media":3067,"comment_status":"closed","ping_status":"open","sticky":false,"template":"","format":"standard","meta":{"_lmt_disableupdate":"","_lmt_disable":"","_jetpack_memberships_contains_paid_content":false,"footnotes":""},"categories":[109,47],"tags":[541],"class_list":["post-3065","post","type-post","status-publish","format-standard","has-post-thumbnail","hentry","category-minuto-a-minuto","category-zona-gris","tag-casa-de-la-cultura-oaxaquena"],"jetpack_featured_media_url":"https:\/\/zonaroja.com.mx\/wp-content\/uploads\/2019\/08\/eZy-Watermark_13-08-2019_09-04-51p.-m..jpg","jetpack_sharing_enabled":true,"_links":{"self":[{"href":"https:\/\/zonaroja.com.mx\/index.php?rest_route=\/wp\/v2\/posts\/3065","targetHints":{"allow":["GET"]}}],"collection":[{"href":"https:\/\/zonaroja.com.mx\/index.php?rest_route=\/wp\/v2\/posts"}],"about":[{"href":"https:\/\/zonaroja.com.mx\/index.php?rest_route=\/wp\/v2\/types\/post"}],"author":[{"embeddable":true,"href":"https:\/\/zonaroja.com.mx\/index.php?rest_route=\/wp\/v2\/users\/2"}],"replies":[{"embeddable":true,"href":"https:\/\/zonaroja.com.mx\/index.php?rest_route=%2Fwp%2Fv2%2Fcomments&post=3065"}],"version-history":[{"count":1,"href":"https:\/\/zonaroja.com.mx\/index.php?rest_route=\/wp\/v2\/posts\/3065\/revisions"}],"predecessor-version":[{"id":3068,"href":"https:\/\/zonaroja.com.mx\/index.php?rest_route=\/wp\/v2\/posts\/3065\/revisions\/3068"}],"wp:featuredmedia":[{"embeddable":true,"href":"https:\/\/zonaroja.com.mx\/index.php?rest_route=\/wp\/v2\/media\/3067"}],"wp:attachment":[{"href":"https:\/\/zonaroja.com.mx\/index.php?rest_route=%2Fwp%2Fv2%2Fmedia&parent=3065"}],"wp:term":[{"taxonomy":"category","embeddable":true,"href":"https:\/\/zonaroja.com.mx\/index.php?rest_route=%2Fwp%2Fv2%2Fcategories&post=3065"},{"taxonomy":"post_tag","embeddable":true,"href":"https:\/\/zonaroja.com.mx\/index.php?rest_route=%2Fwp%2Fv2%2Ftags&post=3065"}],"curies":[{"name":"wp","href":"https:\/\/api.w.org\/{rel}","templated":true}]}}