{"id":30650,"date":"2021-08-07T19:15:42","date_gmt":"2021-08-08T00:15:42","guid":{"rendered":"http:\/\/www.zonaroja.com.mx\/?p=30650"},"modified":"2021-08-07T19:15:46","modified_gmt":"2021-08-08T00:15:46","slug":"detiene-policia-estatal-a-presunto-invasor-de-predios-en-xoxocotlan","status":"publish","type":"post","link":"https:\/\/zonaroja.com.mx\/?p=30650","title":{"rendered":"Detiene Polic\u00eda Estatal a presunto invasor de predios en Xoxocotl\u00e1n"},"content":{"rendered":"\n<p>Redacci\u00f3n\/Zona Roja.<\/p>\n\n\n\n<p>Oaxaca de Ju\u00e1rez, Oax., 7 de agosto de 2021.- Un presunto invasor de predios de Santa Cruz Xoxocotl\u00e1n, fue detenido este s\u00e1bado por elementos de la Polic\u00eda Estatal, dependiente de la Secretar\u00eda de Seguridad P\u00fablica de Oaxaca (SSPO).<\/p>\n\n\n\n<p>La identidad no se ha revelado hasta el momento, pero de acuerdo con los primeros reportes, se trata de un sujeto que al parecer integra un grupo delictivo que se dedica a despojar y vender predios en zonas de El Coquito y la presa \u201cEl Chapul\u00edn\u201d.<\/p>\n\n\n\n<p>Adem\u00e1s, estar\u00eda relacionado con diversos hechos de agresi\u00f3n, disparos de arma de fuego, quema de viviendas, entre otros, en dicha zona en que incluso se ha originado desplazamiento de v\u00edctimas.<\/p>\n\n\n\n<p>Adem\u00e1s, seg\u00fan los primeros informes, se le investiga por la desaparici\u00f3n de dos j\u00f3venes en la colonia Monte Alb\u00e1n y opera, junto con otros sujetos armados, a bordo de una camioneta Hummer, color blanca.<\/p>\n\n\n\n<p>Seg\u00fan datos de los propios vecinos, presuntamente tiene protecci\u00f3n del edil perredista Alejandro L\u00f3pez Jarqu\u00edn, por lo cual hab\u00eda actuado con impunidad.<\/p>\n\n\n\n<p>El sujeto fue puesto a disposici\u00f3n del Ministerio P\u00fablico de la Fiscal\u00eda General del Estado de Oaxaca.<\/p>\n","protected":false},"excerpt":{"rendered":"<p>Redacci\u00f3n\/Zona Roja. Oaxaca de Ju\u00e1rez, Oax., 7 de agosto de 2021.- Un presunto invasor de&hellip;<\/p>\n","protected":false},"author":2,"featured_media":30651,"comment_status":"closed","ping_status":"open","sticky":false,"template":"","format":"standard","meta":{"_lmt_disableupdate":"","_lmt_disable":"","_jetpack_memberships_contains_paid_content":false,"footnotes":""},"categories":[109,47],"tags":[1421],"class_list":["post-30650","post","type-post","status-publish","format-standard","has-post-thumbnail","hentry","category-minuto-a-minuto","category-zona-gris","tag-secretaria-de-seguridad-publica-de-oaxaca-sspo"],"jetpack_featured_media_url":"https:\/\/zonaroja.com.mx\/wp-content\/uploads\/2021\/08\/Invasor-de-predios-Xoxocotlan.jpg","jetpack_sharing_enabled":true,"_links":{"self":[{"href":"https:\/\/zonaroja.com.mx\/index.php?rest_route=\/wp\/v2\/posts\/30650","targetHints":{"allow":["GET"]}}],"collection":[{"href":"https:\/\/zonaroja.com.mx\/index.php?rest_route=\/wp\/v2\/posts"}],"about":[{"href":"https:\/\/zonaroja.com.mx\/index.php?rest_route=\/wp\/v2\/types\/post"}],"author":[{"embeddable":true,"href":"https:\/\/zonaroja.com.mx\/index.php?rest_route=\/wp\/v2\/users\/2"}],"replies":[{"embeddable":true,"href":"https:\/\/zonaroja.com.mx\/index.php?rest_route=%2Fwp%2Fv2%2Fcomments&post=30650"}],"version-history":[{"count":1,"href":"https:\/\/zonaroja.com.mx\/index.php?rest_route=\/wp\/v2\/posts\/30650\/revisions"}],"predecessor-version":[{"id":30652,"href":"https:\/\/zonaroja.com.mx\/index.php?rest_route=\/wp\/v2\/posts\/30650\/revisions\/30652"}],"wp:featuredmedia":[{"embeddable":true,"href":"https:\/\/zonaroja.com.mx\/index.php?rest_route=\/wp\/v2\/media\/30651"}],"wp:attachment":[{"href":"https:\/\/zonaroja.com.mx\/index.php?rest_route=%2Fwp%2Fv2%2Fmedia&parent=30650"}],"wp:term":[{"taxonomy":"category","embeddable":true,"href":"https:\/\/zonaroja.com.mx\/index.php?rest_route=%2Fwp%2Fv2%2Fcategories&post=30650"},{"taxonomy":"post_tag","embeddable":true,"href":"https:\/\/zonaroja.com.mx\/index.php?rest_route=%2Fwp%2Fv2%2Ftags&post=30650"}],"curies":[{"name":"wp","href":"https:\/\/api.w.org\/{rel}","templated":true}]}}